{"id":1189,"date":"2025-02-17T18:56:19","date_gmt":"2025-02-17T18:56:19","guid":{"rendered":"https:\/\/afgrc.com\/?p=1189"},"modified":"2025-02-17T19:04:16","modified_gmt":"2025-02-17T19:04:16","slug":"afganistan-diasporasinin-basarilari-avrupada-damga-vurmaya-devam-ediyor-bu-kez-bir-afgan-kadin-finlandiyanin-en-iyi-doktorlari-arasinda","status":"publish","type":"post","link":"https:\/\/afgrc.com\/index.php\/tr\/2025\/02\/17\/afganistan-diasporasinin-basarilari-avrupada-damga-vurmaya-devam-ediyor-bu-kez-bir-afgan-kadin-finlandiyanin-en-iyi-doktorlari-arasinda\/","title":{"rendered":"Afganistan Diasporas\u0131n\u0131n Ba\u015far\u0131lar\u0131 Avrupa\u2019da Damga Vurmaya Devam Ediyor: Bu Kez Bir Afgan Kad\u0131n, Finlandiya\u2019n\u0131n En \u0130yi Doktorlar\u0131 Aras\u0131nda"},"content":{"rendered":"\t\t<div data-elementor-type=\"wp-post\" data-elementor-id=\"1189\" class=\"elementor elementor-1189\">\n\t\t\t\t<div class=\"elementor-element elementor-element-374cc47c e-flex e-con-boxed e-con e-parent\" data-id=\"374cc47c\" data-element_type=\"container\">\n\t\t\t\t\t<div class=\"e-con-inner\">\n\t\t\t\t<div class=\"elementor-element elementor-element-27b02649 elementor-widget elementor-widget-text-editor\" data-id=\"27b02649\" data-element_type=\"widget\" data-widget_type=\"text-editor.default\">\n\t\t\t\t<div class=\"elementor-widget-container\">\n\t\t\t\t\t\t\t\t\t\n<p>Uzun y\u0131llard\u0131r Afganistan vatanda\u015flar\u0131, \u00e7e\u015fitli nedenlerle anavatanlar\u0131n\u0131 terk etmek zorunda kalarak hayatlar\u0131n\u0131 yurt d\u0131\u015f\u0131nda s\u00fcrd\u00fcr\u00fcyor. Zorluklarla dolu ya\u015fam \u00f6yk\u00fcleri, her ne kadar ac\u0131 dolu sayfalar i\u00e7erse de onlar\u0131n elde etti\u011fi ba\u015far\u0131lar Afganistan\u2019\u0131n yan\u0131 s\u0131ra bir\u00e7ok ki\u015fi i\u00e7in umut kayna\u011f\u0131 olmu\u015ftur. Zahra Alimi de bu ilham verici hikayelerden birinin kahraman\u0131.<\/p>\n\n\n\n<p>Gen\u00e7 Afgan doktor Zahra Alimi, &#8220;gelece\u011fi \u015fekillendiren&#8221; ara\u015ft\u0131rmac\u0131lar, giri\u015fimciler ve uzmanlar aras\u0131nda g\u00f6sterildi. Finlandiya\u2019da haz\u0131rlanan 30 ya\u015f alt\u0131 en yetenekli 30 ki\u015fi listesine girerek b\u00fcy\u00fck bir ba\u015far\u0131ya imza att\u0131.<\/p>\n\n\n\n<p>2024 y\u0131l\u0131nda Helsinki \u00dcniversitesi T\u0131p Fak\u00fcltesi\u2019nden mezun olan Alimi, \u015fu anda bu hastanede g\u00f6rev yap\u0131yor.<\/p>\n\n\n\n<p>Afganistanl\u0131 gen\u00e7 doktor Zahra Alimi, Finlandiya\u2019n\u0131n &#8220;30 Ya\u015f Alt\u0131 En Yetenekli 30 Ki\u015fisi&#8221; listesine se\u00e7ildi. Bu liste, gelece\u011fi \u015fekillendiren ara\u015ft\u0131rmac\u0131lar, giri\u015fimciler ve uzmanlardan olu\u015fuyor.<\/p>\n\n\n\n<p>Per\u015fembe g\u00fcn\u00fc yay\u0131mlanan listede, topluma aktif katk\u0131 sa\u011flayan ve \u00fclkelerinde pozitif de\u011fi\u015fim yaratma hedefi ta\u015f\u0131yan gen\u00e7 isimler yer ald\u0131.<\/p>\n\n\n\n<p>Helsinki \u00dcniversitesi Rekt\u00f6r\u00fc Sari Lindblom, listenin amac\u0131n\u0131n \u00f6\u011frencileri bilimsel ve mesleki f\u0131rsatlar\u0131 de\u011ferlendirerek toplumsal de\u011fi\u015fim yaratmaya te\u015fvik etmek oldu\u011funu belirtti.<\/p>\n\n\n\n<p><strong>Hedefi Birle\u015fmi\u015f Milletler<\/strong><\/p>\n\n\n\n<p>Alimi, gelecekte Birle\u015fmi\u015f Milletler\u2019de g\u00f6rev alarak, geli\u015fmekte olan \u00fclkelerde sa\u011fl\u0131k sistemlerinin iyile\u015ftirilmesi ve kad\u0131n haklar\u0131n\u0131n g\u00fc\u00e7lendirilmesi i\u00e7in \u00e7al\u0131\u015fmay\u0131 hedefledi\u011fini belirtiyor.<\/p>\n\n\n\n<p>Afganistan\u2019\u0131n \u00f6nde gelen siyaset\u00e7i ve insan haklar\u0131 aktivisti Sima Samar\u2019\u0131 ilham kayna\u011f\u0131 olarak g\u00f6rd\u00fc\u011f\u00fcn\u00fc s\u00f6yleyen gen\u00e7 doktor, en b\u00fcy\u00fck mesleki ve ki\u015fisel ba\u015far\u0131s\u0131n\u0131n ne oldu\u011fu sorusuna \u015fu yan\u0131t\u0131 veriyor:<\/p>\n\n\n\n<p>&#8220;Umar\u0131m en b\u00fcy\u00fck ba\u015far\u0131lar\u0131m hen\u00fcz yolun ba\u015f\u0131ndad\u0131r.&#8221;<\/p>\n\n\n\n<p><strong>Sa\u011fl\u0131kta E\u015fitlik \u0130\u00e7in M\u00fccadele Ediyor<\/strong><\/p>\n\n\n\n<p>2024 y\u0131l\u0131nda Helsinki \u00dcniversitesi T\u0131p Fak\u00fcltesi\u2019nden mezun olan Zahra Alimi, \u015fu anda acil servis doktoru olarak g\u00f6rev yap\u0131yor.<\/p>\n\n\n\n<p>Ayn\u0131 zamanda toplumsal konularda aktif bir yorumcu olan Alimi, \u00f6zellikle \u0131rk\u00e7\u0131l\u0131k ve M\u00fcsl\u00fcman kad\u0131n haklar\u0131 \u00fczerine tart\u0131\u015fmalara kat\u0131l\u0131yor ve kad\u0131nlar\u0131n kendi k\u0131yafetlerini se\u00e7me hakk\u0131n\u0131 savunuyor.<\/p>\n\n\n\n<p>G\u00f6\u00e7men hastalara sa\u011fl\u0131k hizmeti sunmay\u0131 \u00f6ncelikleri aras\u0131nda g\u00f6ren Alimi, Finlandiya\u2019n\u0131n sa\u011fl\u0131k sisteminde daha fazla e\u015fitlik ve adil eri\u015fim sa\u011flanmas\u0131 i\u00e7in \u00e7al\u0131\u015fmalar y\u00fcr\u00fct\u00fcyor.<\/p>\n\t\t\t\t\t\t\t\t<\/div>\n\t\t\t\t<\/div>\n\t\t\t\t\t<\/div>\n\t\t\t\t<\/div>\n\t\t<div class=\"elementor-element elementor-element-2a745a7 e-flex e-con-boxed e-con e-parent\" data-id=\"2a745a7\" data-element_type=\"container\">\n\t\t\t\t\t<div class=\"e-con-inner\">\n\t\t\t\t<div class=\"elementor-element elementor-element-9652a66 elementor-widget elementor-widget-text-editor\" data-id=\"9652a66\" data-element_type=\"widget\" data-widget_type=\"text-editor.default\">\n\t\t\t\t<div class=\"elementor-widget-container\">\n\t\t\t\t\t\t\t\t\t<p>Lorem ipsum dolor sit amet, consectetur adipiscing elit. Ut elit tellus, luctus nec ullamcorper mattis, pulvinar dapibus leo.<\/p>\t\t\t\t\t\t\t\t<\/div>\n\t\t\t\t<\/div>\n\t\t\t\t\t<\/div>\n\t\t\t\t<\/div>\n\t\t\t\t<\/div>\n\t\t","protected":false},"excerpt":{"rendered":"<p>Uzun y\u0131llard\u0131r Afganistan vatanda\u015flar\u0131, \u00e7e\u015fitli nedenlerle anavatanlar\u0131n\u0131 terk etmek zorunda kalarak hayatlar\u0131n\u0131 yurt d\u0131\u015f\u0131nda s\u00fcrd\u00fcr\u00fcyor. Zorluklarla dolu ya\u015fam \u00f6yk\u00fcleri, her ne kadar ac\u0131 dolu sayfalar i\u00e7erse de onlar\u0131n elde etti\u011fi ba\u015far\u0131lar Afganistan\u2019\u0131n yan\u0131 s\u0131ra bir\u00e7ok ki\u015fi i\u00e7in umut kayna\u011f\u0131 olmu\u015ftur. Zahra Alimi de bu ilham verici hikayelerden birinin kahraman\u0131. Gen\u00e7 Afgan doktor Zahra Alimi, &#8220;gelece\u011fi&#8230;<\/p>\n","protected":false},"author":2,"featured_media":1190,"comment_status":"open","ping_status":"open","sticky":false,"template":"","format":"standard","meta":{"footnotes":""},"categories":[70],"tags":[],"_links":{"self":[{"href":"https:\/\/afgrc.com\/index.php\/wp-json\/wp\/v2\/posts\/1189"}],"collection":[{"href":"https:\/\/afgrc.com\/index.php\/wp-json\/wp\/v2\/posts"}],"about":[{"href":"https:\/\/afgrc.com\/index.php\/wp-json\/wp\/v2\/types\/post"}],"author":[{"embeddable":true,"href":"https:\/\/afgrc.com\/index.php\/wp-json\/wp\/v2\/users\/2"}],"replies":[{"embeddable":true,"href":"https:\/\/afgrc.com\/index.php\/wp-json\/wp\/v2\/comments?post=1189"}],"version-history":[{"count":7,"href":"https:\/\/afgrc.com\/index.php\/wp-json\/wp\/v2\/posts\/1189\/revisions"}],"predecessor-version":[{"id":1197,"href":"https:\/\/afgrc.com\/index.php\/wp-json\/wp\/v2\/posts\/1189\/revisions\/1197"}],"wp:featuredmedia":[{"embeddable":true,"href":"https:\/\/afgrc.com\/index.php\/wp-json\/wp\/v2\/media\/1190"}],"wp:attachment":[{"href":"https:\/\/afgrc.com\/index.php\/wp-json\/wp\/v2\/media?parent=1189"}],"wp:term":[{"taxonomy":"category","embeddable":true,"href":"https:\/\/afgrc.com\/index.php\/wp-json\/wp\/v2\/categories?post=1189"},{"taxonomy":"post_tag","embeddable":true,"href":"https:\/\/afgrc.com\/index.php\/wp-json\/wp\/v2\/tags?post=1189"}],"curies":[{"name":"wp","href":"https:\/\/api.w.org\/{rel}","templated":true}]}}