{"id":1252,"date":"2025-03-12T10:35:38","date_gmt":"2025-03-12T10:35:38","guid":{"rendered":"https:\/\/afgrc.com\/?p=1252"},"modified":"2025-03-12T10:41:53","modified_gmt":"2025-03-12T10:41:53","slug":"almanya-siyasetinde-afgan-diasporasinin-etkinligi-artiyor-hamburgda-8-adaydan-2si-meclise-girmeyi-basardi","status":"publish","type":"post","link":"https:\/\/afgrc.com\/index.php\/tr\/2025\/03\/12\/almanya-siyasetinde-afgan-diasporasinin-etkinligi-artiyor-hamburgda-8-adaydan-2si-meclise-girmeyi-basardi\/","title":{"rendered":"Almanya Siyasetinde Afgan Diasporas\u0131n\u0131n Etkinli\u011fi Art\u0131yor: Hamburg&#8217;da 8 Adaydan 2&#8217;si Meclise Girmeyi Ba\u015fard\u0131"},"content":{"rendered":"\t\t<div data-elementor-type=\"wp-post\" data-elementor-id=\"1252\" class=\"elementor elementor-1252\">\n\t\t\t\t<div class=\"elementor-element elementor-element-31e187d e-flex e-con-boxed e-con e-parent\" data-id=\"31e187d\" data-element_type=\"container\">\n\t\t\t\t\t<div class=\"e-con-inner\">\n\t\t\t\t<div class=\"elementor-element elementor-element-6a780c5 elementor-widget elementor-widget-text-editor\" data-id=\"6a780c5\" data-element_type=\"widget\" data-widget_type=\"text-editor.default\">\n\t\t\t\t<div class=\"elementor-widget-container\">\n\t\t\t\t\t\t\t\t\t<p>2025 y\u0131l\u0131nda g\u00f6\u00e7, Avrupa siyasetinin \u00f6zellikle Almanya\u2019n\u0131n en \u00f6nemli g\u00fcndem maddelerinden biri haline geldi. Bir\u00e7ok aday, bu konuyu siyasi kampanyalar\u0131nda bir ara\u00e7 olarak kulland\u0131. Ancak en \u00e7ok dikkat \u00e7eken geli\u015fme, Avrupa genelinde a\u015f\u0131r\u0131 sa\u011f partilerin oylar\u0131n\u0131 art\u0131rmas\u0131 oldu. Bu partiler, g\u00f6\u00e7menler ve m\u00fclteciler konusunda daha kat\u0131 politikalar izlemeye ba\u015flad\u0131.<\/p><p>Avrupa\u2019da binlerce g\u00f6\u00e7men e\u011fitim al\u0131yor, \u00e7al\u0131\u015f\u0131yor ve daha iyi bir gelecek kurmaya \u00e7abalarken, g\u00f6\u00e7 politikalar\u0131 giderek daha fazla k\u0131s\u0131tlamaya tabi tutuluyor. Bunun arkas\u0131nda bir\u00e7ok sebep var: Ukrayna sava\u015f\u0131 ve buna ba\u011fl\u0131 olarak b\u00fcy\u00fck bir Ukraynal\u0131 m\u00fclteci ak\u0131n\u0131, Avrupa Birli\u011fi \u00fczerindeki ekonomik bask\u0131lar, Trump y\u00f6netiminin Bat\u0131l\u0131 m\u00fcttefiklerine y\u00f6nelik politikalar\u0131, yasa d\u0131\u015f\u0131 g\u00f6\u00e7\u00fcn art\u0131\u015f\u0131 ve bunun g\u00fcvenlik a\u00e7\u0131s\u0131ndan yaratt\u0131\u011f\u0131 endi\u015feler, ayr\u0131ca g\u0131da ve enerji fiyatlar\u0131ndaki y\u00fckseli\u015f gibi fakt\u00f6rler.<\/p><p>T\u00fcm bu zorluklara ra\u011fmen g\u00f6\u00e7menler i\u00e7in umut \u0131\u015f\u0131\u011f\u0131 h\u00e2l\u00e2 var. Almanya&#8217;daki demokrasi, g\u00f6\u00e7menlere kendi seslerini duyurma ve karar alma s\u00fcre\u00e7lerinde yer alma f\u0131rsat\u0131 sundu. Bu durum, \u00f6zellikle Afgan g\u00f6\u00e7men toplulu\u011funda kendini g\u00f6sterdi. Hamburg\u2019da Afgan kad\u0131nlar yerel se\u00e7imlere kat\u0131larak Hamburg Parlamentosu&#8217;na girmeyi ba\u015fard\u0131 ve g\u00f6\u00e7menlerin yeni nesli i\u00e7in bir temsilci oldular.<\/p><p>Afgan diasporas\u0131n\u0131n \u00f6zellikle Afgan kad\u0131nlar\u0131n\u0131n Almanya siyasetindeki varl\u0131\u011f\u0131 ve etkinli\u011fi, g\u00f6\u00e7menlerin entegrasyon s\u00fcrecindeki ba\u015far\u0131s\u0131n\u0131 ve vatanda\u015fl\u0131k haklar\u0131 i\u00e7in verdikleri m\u00fccadeleyi g\u00f6zler \u00f6n\u00fcne seriyor. Bu ba\u015far\u0131, yaln\u0131zca g\u00f6\u00e7menlere umut vermekle kalm\u0131yor, ayn\u0131 zamanda t\u00fcm zorluklara ra\u011fmen siyasete kat\u0131l\u0131m\u0131n ve demokratik ara\u00e7lar\u0131n kullan\u0131m\u0131n\u0131n olumlu de\u011fi\u015fimler sa\u011flayabilece\u011fini g\u00f6steriyor. Hamburg se\u00e7imlerinde Afgan toplumundan sekiz aday yar\u0131\u015ft\u0131; bunlardan alt\u0131s\u0131 kad\u0131n, ikisi ise erkekti.<\/p><p><strong>Zohra Mojaddidi<\/strong><\/p><p>Bu adaylar aras\u0131nda, 2020 y\u0131l\u0131nda Hamburg Parlamentosu&#8217;na se\u00e7ilen ilk Afgan kad\u0131n olan <strong>Zohra Mojaddidi<\/strong> \u00f6ne \u00e7\u0131kt\u0131. Ye\u015filler Partisi\u2019nden (Gr\u00fcnen) aday olan Mojaddidi, uzun y\u0131llard\u0131r Hamburg\u2019da g\u00f6\u00e7menlerin, \u00f6zellikle Afgan kad\u0131nlar\u0131n\u0131n, sosyal ve k\u00fclt\u00fcrel entegrasyonu i\u00e7in \u00e7al\u0131\u015f\u0131yor. Her zaman m\u00fclteci haklar\u0131n\u0131 savunan bir isim olarak tan\u0131n\u0131yor.<\/p><p>Onun en b\u00fcy\u00fck \u00e7abalar\u0131ndan biri, g\u00f6\u00e7menleri, \u00f6zellikle Afganlar\u0131, demokratik s\u00fcre\u00e7lere kat\u0131lmaya te\u015fvik etmek ve oy haklar\u0131n\u0131 bilin\u00e7li bir \u015fekilde kullanmalar\u0131n\u0131 sa\u011flamak oldu. Mojaddidi, se\u00e7imlere kat\u0131l\u0131m\u0131n g\u00f6\u00e7 politikalar\u0131 \u00fczerinde etkili olabilece\u011fini her f\u0131rsatta vurgulad\u0131. Ancak bu y\u0131lki se\u00e7imlerde Hamburg Parlamentosu\u2019na yeniden girmeyi ba\u015faramad\u0131. Buna ra\u011fmen, m\u00fclteci toplulu\u011fu ve Afgan kad\u0131nlar\u0131n\u0131n haklar\u0131n\u0131 savunma konusundaki \u00e7abalar\u0131 ilham vermeye devam ediyor.<\/p><p><strong>Hanifa S\u00fcyl\u00fc<\/strong><\/p><p>Hukuk\u00e7u ve arabulucu <strong>Hanifa S\u00fcyl\u00fc<\/strong>, Mezar-\u0131 \u015eerif\u2019te do\u011fduktan sonra 40 y\u0131l \u00f6nce Almanya&#8217;ya g\u00f6\u00e7 etti. Hamburg \u00dcniversitesi\u2019nde hukuk e\u011fitimi ald\u0131 ve g\u00f6\u00e7men haklar\u0131, kad\u0131n haklar\u0131 ve e\u011fitim alanlar\u0131nda bir\u00e7ok projeye imza att\u0131. 2017 y\u0131l\u0131nda m\u00fclteci \u00e7ocuklar\u0131 desteklemek i\u00e7in &#8220;G\u00f6\u00e7 Rehberi&#8221; adl\u0131 bir organizasyon kurdu.<\/p><p>SPD (Sosyal Demokrat Parti) ad\u0131na aday olan S\u00fcyl\u00fc, Almanya\u2019daki Afganlara y\u00f6nelik bak\u0131\u015f a\u00e7\u0131s\u0131n\u0131 de\u011fi\u015ftirmek ve Afgan k\u0131zlar\u0131n\u0131n e\u011fitim hakk\u0131 i\u00e7in m\u00fccadele etmek istedi\u011fini dile getirdi. Ancak se\u00e7imlerde parlamentoya giremedi. Buna ra\u011fmen g\u00f6\u00e7men kad\u0131nlara y\u00f6nelik e\u011fitim ve sosyal hizmetler konusunda \u00e7al\u0131\u015fmalar\u0131na devam edece\u011fini belirtti.<\/p><p><strong>Mehriya A\u015fofte<\/strong><\/p><p>Hukuk\u00e7u, akademisyen ve sosyal aktivist olan <strong>Mehriya A\u015fofte<\/strong>, g\u00f6\u00e7menlerin, \u00f6zellikle Afgan kad\u0131nlar\u0131n\u0131n entegrasyonu konusunda \u00f6nemli projeler y\u00fcr\u00fctt\u00fc. Almanya\u2019daki hukuk camias\u0131nda tan\u0131nan bir isim olan A\u015fofte, ayn\u0131 zamanda gen\u00e7ler ve m\u00fclteciler i\u00e7in \u00e7e\u015fitli sosyal projelerde yer ald\u0131.<\/p><p>SPD\u2019den aday olan A\u015fofte, <strong>Hamburg Parlamentosu\u2019na girmeyi ba\u015fard\u0131<\/strong>. Bu zafer, Afgan toplulu\u011fu i\u00e7in b\u00fcy\u00fck bir d\u00f6n\u00fcm noktas\u0131 olarak de\u011ferlendiriliyor. A\u015fofte\u2019nin ba\u015far\u0131s\u0131, g\u00f6\u00e7menlerin siyasette daha aktif rol alabilece\u011fini ve gelecekte daha fazla temsilci \u00e7\u0131karabilece\u011fini g\u00f6sterdi.<\/p><p><strong>Hila Latifi<\/strong><\/p><p>Sol Parti&#8217;den (Die Linke) aday olan <strong>Hila Latifi<\/strong>, gen\u00e7 ya\u015fta ailesiyle birlikte Almanya&#8217;ya g\u00f6\u00e7 etti. 10 ya\u015f\u0131nda geldi\u011fi Almanya\u2019da g\u00f6\u00e7menlerin kar\u015f\u0131la\u015ft\u0131\u011f\u0131 zorluklar\u0131 bizzat deneyimledi. Latifi, e\u011fitimini psikoloji alan\u0131nda tamamlad\u0131 ve \u00f6zellikle dezavantajl\u0131 g\u00f6\u00e7men topluluklar\u0131na y\u00f6nelik sosyal projeler y\u00fcr\u00fctt\u00fc.<\/p><p>Daha \u00f6nce Hamburg Parlamentosu\u2019nda g\u00f6rev alm\u0131\u015f olan Latifi, se\u00e7imlerde ba\u015far\u0131 g\u00f6stererek yeniden parlamentoya girdi. G\u00f6\u00e7men haklar\u0131, sosyal adalet ve kad\u0131n haklar\u0131n\u0131 savunmay\u0131 s\u00fcrd\u00fcrece\u011fini belirtti.<\/p><p><strong>Di\u011fer Adaylar<\/strong><\/p><ul><li><strong>Mesih Zare<\/strong> (Ye\u015filler Partisi \u2013 Gr\u00fcnen): Gen\u00e7 bir siyasi bilimler mezunu ve sosyal aktivist olan Zare, se\u00e7imlerde ba\u015far\u0131 elde edemedi ancak g\u00f6\u00e7men haklar\u0131 konusunda \u00e7al\u0131\u015fmalar\u0131na devam edece\u011fini belirtti.<\/li><li><strong>Gita Amani<\/strong> (Hristiyan Demokrat Birli\u011fi \u2013 CDU): Kad\u0131n do\u011fum uzman\u0131 ve uzun y\u0131llard\u0131r Almanya\u2019da ya\u015fayan bir g\u00f6\u00e7men olarak aday oldu ancak se\u00e7imlerde ba\u015far\u0131l\u0131 olamad\u0131.<\/li><li><strong>Najia Afshar<\/strong> (Ba\u011f\u0131ms\u0131z): M\u00fclteci haklar\u0131 ve sosyal adalet konular\u0131nda aktif bir fig\u00fcr olarak ba\u011f\u0131ms\u0131z bir platformdan aday oldu ancak parlamentoya giremedi.<\/li><li><strong>Berishna Amin<\/strong> (FDP \u2013 H\u00fcr Demokratlar Partisi): Afgan toplumu i\u00e7in daha fazla siyasi temsil sa\u011flamak amac\u0131yla aday oldu ancak se\u00e7imleri kazanamad\u0131.<\/li><li><strong>Maruf \u015eadab<\/strong> (Ba\u011f\u0131ms\u0131z): G\u00f6\u00e7men haklar\u0131 ve toplumsal bar\u0131\u015f i\u00e7in \u00e7al\u0131\u015fan bir aktivist olarak parlamentoya giremedi ancak sosyal projelerine devam edece\u011fini belirtti.<\/li><\/ul><p><strong>Se\u00e7imlerde Afgan Kad\u0131nlar\u0131n\u0131n B\u00fcy\u00fck Ba\u015far\u0131s\u0131 Dikkat \u00c7ekti <\/strong><\/p><p>Afgan toplumu i\u00e7in Hamburg se\u00e7imleri, g\u00f6\u00e7menlerin siyasete kat\u0131l\u0131m\u0131n\u0131n ne kadar \u00f6nemli oldu\u011funu g\u00f6sterdi. <strong>Mehriya A\u015fofte ve Hila Latifi\u2019nin Hamburg Parlamentosu\u2019na se\u00e7ilmesi, Afgan kad\u0131nlar\u0131 i\u00e7in de b\u00fcy\u00fck bir zafer oldu<\/strong>. Bu ba\u015far\u0131, g\u00f6\u00e7men kad\u0131nlara siyasi alanda daha fazla yer a\u00e7\u0131labilece\u011fini ve demokratik ara\u00e7lar\u0131 kullanarak topluma y\u00f6n verebileceklerini g\u00f6sterdi.<\/p><p>Bu zafer, sadece Afgan toplumu i\u00e7in de\u011fil, t\u00fcm g\u00f6\u00e7menler i\u00e7in de ilham kayna\u011f\u0131 oldu. Afgan kad\u0131nlar\u0131n\u0131n Almanya siyasetinde y\u00fckselmesi, gelecekte daha fazla g\u00f6\u00e7menin siyasi s\u00fcre\u00e7lere kat\u0131lmas\u0131n\u0131n \u00f6n\u00fcn\u00fc a\u00e7abilir. Bu nedenle Hamburg\u2019daki se\u00e7im sonu\u00e7lar\u0131, g\u00f6\u00e7menlerin haklar\u0131n\u0131 savunmak i\u00e7in verdikleri m\u00fccadelenin bir kan\u0131t\u0131 olarak tarihe ge\u00e7ti.<\/p><p><strong>Yay\u0131na Haz\u0131rlayan: Shokofa Farhang<\/strong><\/p><p><strong>\u00a0<\/strong><em>Christian-Albrechts-Universit\u00e4t zu Kiel, Almanya<\/em><\/p>\t\t\t\t\t\t\t\t<\/div>\n\t\t\t\t<\/div>\n\t\t\t\t\t<\/div>\n\t\t\t\t<\/div>\n\t\t\t\t<\/div>\n\t\t","protected":false},"excerpt":{"rendered":"<p>2025 y\u0131l\u0131nda g\u00f6\u00e7, Avrupa siyasetinin \u00f6zellikle Almanya\u2019n\u0131n en \u00f6nemli g\u00fcndem maddelerinden biri haline geldi. Bir\u00e7ok aday, bu konuyu siyasi kampanyalar\u0131nda bir ara\u00e7 olarak kulland\u0131. Ancak en \u00e7ok dikkat \u00e7eken geli\u015fme, Avrupa genelinde a\u015f\u0131r\u0131 sa\u011f partilerin oylar\u0131n\u0131 art\u0131rmas\u0131 oldu. Bu partiler, g\u00f6\u00e7menler ve m\u00fclteciler konusunda daha kat\u0131 politikalar izlemeye ba\u015flad\u0131. Avrupa\u2019da binlerce g\u00f6\u00e7men e\u011fitim al\u0131yor, \u00e7al\u0131\u015f\u0131yor&#8230;<\/p>\n","protected":false},"author":2,"featured_media":1254,"comment_status":"open","ping_status":"open","sticky":false,"template":"","format":"standard","meta":{"footnotes":""},"categories":[45],"tags":[],"_links":{"self":[{"href":"https:\/\/afgrc.com\/index.php\/wp-json\/wp\/v2\/posts\/1252"}],"collection":[{"href":"https:\/\/afgrc.com\/index.php\/wp-json\/wp\/v2\/posts"}],"about":[{"href":"https:\/\/afgrc.com\/index.php\/wp-json\/wp\/v2\/types\/post"}],"author":[{"embeddable":true,"href":"https:\/\/afgrc.com\/index.php\/wp-json\/wp\/v2\/users\/2"}],"replies":[{"embeddable":true,"href":"https:\/\/afgrc.com\/index.php\/wp-json\/wp\/v2\/comments?post=1252"}],"version-history":[{"count":7,"href":"https:\/\/afgrc.com\/index.php\/wp-json\/wp\/v2\/posts\/1252\/revisions"}],"predecessor-version":[{"id":1260,"href":"https:\/\/afgrc.com\/index.php\/wp-json\/wp\/v2\/posts\/1252\/revisions\/1260"}],"wp:featuredmedia":[{"embeddable":true,"href":"https:\/\/afgrc.com\/index.php\/wp-json\/wp\/v2\/media\/1254"}],"wp:attachment":[{"href":"https:\/\/afgrc.com\/index.php\/wp-json\/wp\/v2\/media?parent=1252"}],"wp:term":[{"taxonomy":"category","embeddable":true,"href":"https:\/\/afgrc.com\/index.php\/wp-json\/wp\/v2\/categories?post=1252"},{"taxonomy":"post_tag","embeddable":true,"href":"https:\/\/afgrc.com\/index.php\/wp-json\/wp\/v2\/tags?post=1252"}],"curies":[{"name":"wp","href":"https:\/\/api.w.org\/{rel}","templated":true}]}}