{"id":1326,"date":"2025-03-26T09:53:05","date_gmt":"2025-03-26T09:53:05","guid":{"rendered":"https:\/\/afgrc.com\/?p=1326"},"modified":"2025-03-26T09:59:58","modified_gmt":"2025-03-26T09:59:58","slug":"almanyada-afganistan-diasporasi-varligi-ve-etkinligi","status":"publish","type":"post","link":"https:\/\/afgrc.com\/index.php\/tr\/2025\/03\/26\/almanyada-afganistan-diasporasi-varligi-ve-etkinligi\/","title":{"rendered":"Almanya&#8217;da Afganistan Diasporas\u0131: Varl\u0131\u011f\u0131 ve Etkinli\u011fi"},"content":{"rendered":"\t\t<div data-elementor-type=\"wp-post\" data-elementor-id=\"1326\" class=\"elementor elementor-1326\">\n\t\t\t\t<div class=\"elementor-element elementor-element-1deda892 e-flex e-con-boxed e-con e-parent\" data-id=\"1deda892\" data-element_type=\"container\">\n\t\t\t\t\t<div class=\"e-con-inner\">\n\t\t\t\t<div class=\"elementor-element elementor-element-5993af3d elementor-widget elementor-widget-text-editor\" data-id=\"5993af3d\" data-element_type=\"widget\" data-widget_type=\"text-editor.default\">\n\t\t\t\t<div class=\"elementor-widget-container\">\n\t\t\t\t\t\t\t\t\t\n<p><\/p>\n\n\n\n<p> <\/p>\n\t\t\t\t\t\t\t\t<\/div>\n\t\t\t\t<\/div>\n\t\t\t\t\t<\/div>\n\t\t\t\t<\/div>\n\t\t<div class=\"elementor-element elementor-element-68e709b e-flex e-con-boxed e-con e-parent\" data-id=\"68e709b\" data-element_type=\"container\">\n\t\t\t\t\t<div class=\"e-con-inner\">\n\t\t\t\t<div class=\"elementor-element elementor-element-e297419 elementor-widget elementor-widget-text-editor\" data-id=\"e297419\" data-element_type=\"widget\" data-widget_type=\"text-editor.default\">\n\t\t\t\t<div class=\"elementor-widget-container\">\n\t\t\t\t\t\t\t\t\t<p>Afganistan&#8217;\u0131n y\u0131llard\u0131r devam eden politik ve ekonomik istikrars\u0131zl\u0131klar\u0131ndan dolay\u0131 ortaya \u00e7\u0131kan g\u00f6\u00e7 ve bunun sonucunda olu\u015fan diaspora camias\u0131, g\u00fcn\u00fcm\u00fczde farkl\u0131 \u00fclkelerde \u00e7e\u015fitli etki yaratmaktad\u0131r. D\u00fcnyan\u0131n farkl\u0131 \u00fclkelerinde oldu\u011fu gibi bir\u00e7ok Avrupa \u00fclkeleri de Afganistan g\u00f6\u00e7\u00fcne ev sahipli\u011fi yapmaktad\u0131r. Buna ba\u011fl\u0131 olarak Avrupa \u00fclkelerinde en \u00e7ok Afganistan g\u00f6\u00e7\u00fcne ev sahipli\u011fi yapan \u00fclkelerden biri Almanya&#8217;d\u0131r. Bu \u00fclkede Afganistan g\u00f6\u00e7\u00fc 1950 y\u0131llar\u0131na dayanmakta olup g\u00fcn\u00fcm\u00fczde bu g\u00f6\u00e7 diaspora camialar\u0131n\u0131 olu\u015fturmu\u015f, varl\u0131\u011f\u0131 ve etkinli\u011fini s\u00fcrd\u00fcrm\u00fc\u015ft\u00fcr.<\/p>\n<p>Bu yaz\u0131da Afganistan&#8217;dan gelen g\u00f6\u00e7\u00fcn sonucunda Almanya&#8217;da olu\u015fan Afganistan diasporas\u0131n\u0131n olu\u015fumu, varl\u0131\u011f\u0131 ve etkinli\u011fi ele al\u0131nacakt\u0131r. Tarihe g\u00f6z at\u0131larak g\u00fcn\u00fcmzde bu diasoporan\u0131n ne kadar geli\u015fti\u011fini, Almanya ve Afganistan&#8217;\u0131n camias\u0131nda ne kadar etki b\u0131rakt\u0131\u011f\u0131 \u00fczerinde durulacakt\u0131r.<\/p>\n<p>Devam\u0131n\u0131 okumak i\u00e7in a\u015fa\u011f\u0131daki PDF dosyas\u0131na t\u0131klay\u0131n\u0131z.<\/p>\n<p><a href=\"https:\/\/drive.google.com\/file\/d\/1eft0bJfps9XDnR8DceGXpDMnkrcn9DGw\/view?usp=drivesdk\" target=\"_blank\">Almanya&#8217;da Afganistan Diasporas\u0131: Varl\u0131\u011f\u0131 ve Etkinli\u011fi&nbsp;&nbsp;<\/a><\/p>\n<p><\/p>\t\t\t\t\t\t\t\t<\/div>\n\t\t\t\t<\/div>\n\t\t\t\t\t<\/div>\n\t\t\t\t<\/div>\n\t\t\t\t<\/div>\n\t\t","protected":false},"excerpt":{"rendered":"<p>Afganistan&#8217;\u0131n y\u0131llard\u0131r devam eden politik ve ekonomik istikrars\u0131zl\u0131klar\u0131ndan dolay\u0131 ortaya \u00e7\u0131kan g\u00f6\u00e7 ve bunun sonucunda olu\u015fan diaspora camias\u0131, g\u00fcn\u00fcm\u00fczde farkl\u0131 \u00fclkelerde \u00e7e\u015fitli etki yaratmaktad\u0131r. D\u00fcnyan\u0131n farkl\u0131 \u00fclkelerinde oldu\u011fu gibi bir\u00e7ok Avrupa \u00fclkeleri de Afganistan g\u00f6\u00e7\u00fcne ev sahipli\u011fi yapmaktad\u0131r. Buna ba\u011fl\u0131 olarak Avrupa \u00fclkelerinde en \u00e7ok Afganistan g\u00f6\u00e7\u00fcne ev sahipli\u011fi yapan \u00fclkelerden biri Almanya&#8217;d\u0131r. Bu \u00fclkede&#8230;<\/p>\n","protected":false},"author":2,"featured_media":1327,"comment_status":"open","ping_status":"open","sticky":false,"template":"","format":"standard","meta":{"footnotes":""},"categories":[131],"tags":[],"_links":{"self":[{"href":"https:\/\/afgrc.com\/index.php\/wp-json\/wp\/v2\/posts\/1326"}],"collection":[{"href":"https:\/\/afgrc.com\/index.php\/wp-json\/wp\/v2\/posts"}],"about":[{"href":"https:\/\/afgrc.com\/index.php\/wp-json\/wp\/v2\/types\/post"}],"author":[{"embeddable":true,"href":"https:\/\/afgrc.com\/index.php\/wp-json\/wp\/v2\/users\/2"}],"replies":[{"embeddable":true,"href":"https:\/\/afgrc.com\/index.php\/wp-json\/wp\/v2\/comments?post=1326"}],"version-history":[{"count":4,"href":"https:\/\/afgrc.com\/index.php\/wp-json\/wp\/v2\/posts\/1326\/revisions"}],"predecessor-version":[{"id":1333,"href":"https:\/\/afgrc.com\/index.php\/wp-json\/wp\/v2\/posts\/1326\/revisions\/1333"}],"wp:featuredmedia":[{"embeddable":true,"href":"https:\/\/afgrc.com\/index.php\/wp-json\/wp\/v2\/media\/1327"}],"wp:attachment":[{"href":"https:\/\/afgrc.com\/index.php\/wp-json\/wp\/v2\/media?parent=1326"}],"wp:term":[{"taxonomy":"category","embeddable":true,"href":"https:\/\/afgrc.com\/index.php\/wp-json\/wp\/v2\/categories?post=1326"},{"taxonomy":"post_tag","embeddable":true,"href":"https:\/\/afgrc.com\/index.php\/wp-json\/wp\/v2\/tags?post=1326"}],"curies":[{"name":"wp","href":"https:\/\/api.w.org\/{rel}","templated":true}]}}