{"id":1422,"date":"2025-06-26T19:15:28","date_gmt":"2025-06-26T19:15:28","guid":{"rendered":"https:\/\/afgrc.com\/?p=1422"},"modified":"2025-06-26T19:21:35","modified_gmt":"2025-06-26T19:21:35","slug":"taliban-yonetimi-dort-yildan-sonra-turkiyeye-ilk-defa-buyukelci-atadi-turkmen-kokenli-din-adami-sanihullah-ferhmand-ankarada-goreve-basladi","status":"publish","type":"post","link":"https:\/\/afgrc.com\/index.php\/tr\/2025\/06\/26\/taliban-yonetimi-dort-yildan-sonra-turkiyeye-ilk-defa-buyukelci-atadi-turkmen-kokenli-din-adami-sanihullah-ferhmand-ankarada-goreve-basladi\/","title":{"rendered":"Taliban Y\u00f6netimi D\u00f6rt Y\u0131ldan Sonra T\u00fcrkiye\u2019ye \u0130lk Defa B\u00fcy\u00fckel\u00e7i Atad\u0131: T\u00fcrkmen K\u00f6kenli Din Adam\u0131 Sanihullah Ferhmand Ankara\u2019da G\u00f6reve Ba\u015flad\u0131"},"content":{"rendered":"\t\t<div data-elementor-type=\"wp-post\" data-elementor-id=\"1422\" class=\"elementor elementor-1422\">\n\t\t\t\t<div class=\"elementor-element elementor-element-051e8e9 e-flex e-con-boxed e-con e-parent\" data-id=\"051e8e9\" data-element_type=\"container\">\n\t\t\t\t\t<div class=\"e-con-inner\">\n\t\t\t\t<div class=\"elementor-element elementor-element-bb367d2 elementor-widget elementor-widget-text-editor\" data-id=\"bb367d2\" data-element_type=\"widget\" data-widget_type=\"text-editor.default\">\n\t\t\t\t<div class=\"elementor-widget-container\">\n\t\t\t\t\t\t\t\t\t<p>Taliban\u2019\u0131n D\u0131\u015fi\u015fleri Bakan Vekili Emirhan Muttaki, T\u00fcrkmen k\u00f6kenli bir din adam\u0131 olan Sanihullah Ferhmand\u2019\u0131 T\u00fcrkiye\u2019ye \u201cola\u011fan\u00fcst\u00fc ve tam yetkili b\u00fcy\u00fckel\u00e7i\u201d olarak atad\u0131. Atama, Ankara\u2019daki Afganistan B\u00fcy\u00fckel\u00e7ili\u011fi\u2019nde d\u00fczenlenen resmi bir t\u00f6renle duyuruldu.<\/p><p>Muttaki, t\u00f6rende yapt\u0131\u011f\u0131 a\u00e7\u0131klamada, Taliban ile T\u00fcrkiye aras\u0131ndaki ili\u015fkilerin b\u00fcy\u00fckel\u00e7ilik d\u00fczeyine \u00e7\u0131kar\u0131ld\u0131\u011f\u0131n\u0131 belirterek, bu ad\u0131m\u0131 \u201ciki taraf aras\u0131ndaki iyi i\u015f birli\u011finin ve olumlu ili\u015fkilerin\u201d bir g\u00f6stergesi olarak nitelendirdi. Ayr\u0131ca, ataman\u0131n iki \u00fclke ili\u015fkilerini daha da g\u00fc\u00e7lendirmesi y\u00f6n\u00fcnde umutlu olduklar\u0131n\u0131 dile getirdi.<\/p><p>Taliban\u2019\u0131n d\u0131\u015fi\u015fleri sorumlusu Muttaki, yeni b\u00fcy\u00fckel\u00e7inin atanmas\u0131yla birlikte T\u00fcrkiye ile olan ili\u015fkilerin art\u0131k \u201cneredeyse normalle\u015fti\u011fini\u201d s\u00f6yledi. Muttaki ayr\u0131ca, T\u00fcrk vatanda\u015flar\u0131n\u0131n \u201cyat\u0131r\u0131m ve turizm\u201d amac\u0131yla Afganistan\u2019a geldiklerini ve Afganistan ekonomisinin %2.7 oran\u0131nda b\u00fcy\u00fcd\u00fc\u011f\u00fcn\u00fc ileri s\u00fcrd\u00fc.<\/p><p>Birle\u015fmi\u015f Milletler\u2019e ba\u011fl\u0131 Comtrade veri taban\u0131na g\u00f6re, 2024 y\u0131l\u0131nda T\u00fcrkiye\u2019nin Afganistan\u2019a ihracat\u0131 yakla\u015f\u0131k 210 milyon dolar seviyesinde ger\u00e7ekle\u015fti.<\/p><p>T\u00fcrkiye, Taliban\u2019\u0131 resm\u00ee olarak tan\u0131mam\u0131\u015f olsa da, 2021\u2019de \u00f6nceki h\u00fck\u00fcmetin devrilmesinden bu yana Ankara\u2019daki Afganistan B\u00fcy\u00fckel\u00e7ili\u011fi a\u00e7\u0131k tutulmu\u015f ve T\u00fcrkiye\u2019nin Kabil B\u00fcy\u00fckel\u00e7isi de g\u00f6revine devam etmi\u015ftir.<\/p><p>Atanan yeni b\u00fcy\u00fckel\u00e7i Sanihullah Ferhmand\u2019\u0131n diplomatik bir ge\u00e7mi\u015fi bulunmasa da \u0130ngilizce ve Arap\u00e7a dilleri dahil Afganistan resmi dillerini de h\u00e2kim oldu\u011fu belirtiliyor.<\/p>\t\t\t\t\t\t\t\t<\/div>\n\t\t\t\t<\/div>\n\t\t\t\t\t<\/div>\n\t\t\t\t<\/div>\n\t\t\t\t<\/div>\n\t\t","protected":false},"excerpt":{"rendered":"<p>Taliban\u2019\u0131n D\u0131\u015fi\u015fleri Bakan Vekili Emirhan Muttaki, T\u00fcrkmen k\u00f6kenli bir din adam\u0131 olan Sanihullah Ferhmand\u2019\u0131 T\u00fcrkiye\u2019ye \u201cola\u011fan\u00fcst\u00fc ve tam yetkili b\u00fcy\u00fckel\u00e7i\u201d olarak atad\u0131. Atama, Ankara\u2019daki Afganistan B\u00fcy\u00fckel\u00e7ili\u011fi\u2019nde d\u00fczenlenen resmi bir t\u00f6renle duyuruldu. Muttaki, t\u00f6rende yapt\u0131\u011f\u0131 a\u00e7\u0131klamada, Taliban ile T\u00fcrkiye aras\u0131ndaki ili\u015fkilerin b\u00fcy\u00fckel\u00e7ilik d\u00fczeyine \u00e7\u0131kar\u0131ld\u0131\u011f\u0131n\u0131 belirterek, bu ad\u0131m\u0131 \u201ciki taraf aras\u0131ndaki iyi i\u015f birli\u011finin ve olumlu ili\u015fkilerin\u201d&#8230;<\/p>\n","protected":false},"author":2,"featured_media":1424,"comment_status":"open","ping_status":"open","sticky":false,"template":"","format":"standard","meta":{"footnotes":""},"categories":[70],"tags":[],"_links":{"self":[{"href":"https:\/\/afgrc.com\/index.php\/wp-json\/wp\/v2\/posts\/1422"}],"collection":[{"href":"https:\/\/afgrc.com\/index.php\/wp-json\/wp\/v2\/posts"}],"about":[{"href":"https:\/\/afgrc.com\/index.php\/wp-json\/wp\/v2\/types\/post"}],"author":[{"embeddable":true,"href":"https:\/\/afgrc.com\/index.php\/wp-json\/wp\/v2\/users\/2"}],"replies":[{"embeddable":true,"href":"https:\/\/afgrc.com\/index.php\/wp-json\/wp\/v2\/comments?post=1422"}],"version-history":[{"count":4,"href":"https:\/\/afgrc.com\/index.php\/wp-json\/wp\/v2\/posts\/1422\/revisions"}],"predecessor-version":[{"id":1427,"href":"https:\/\/afgrc.com\/index.php\/wp-json\/wp\/v2\/posts\/1422\/revisions\/1427"}],"wp:featuredmedia":[{"embeddable":true,"href":"https:\/\/afgrc.com\/index.php\/wp-json\/wp\/v2\/media\/1424"}],"wp:attachment":[{"href":"https:\/\/afgrc.com\/index.php\/wp-json\/wp\/v2\/media?parent=1422"}],"wp:term":[{"taxonomy":"category","embeddable":true,"href":"https:\/\/afgrc.com\/index.php\/wp-json\/wp\/v2\/categories?post=1422"},{"taxonomy":"post_tag","embeddable":true,"href":"https:\/\/afgrc.com\/index.php\/wp-json\/wp\/v2\/tags?post=1422"}],"curies":[{"name":"wp","href":"https:\/\/api.w.org\/{rel}","templated":true}]}}