{"id":1475,"date":"2025-07-11T04:42:38","date_gmt":"2025-07-11T04:42:38","guid":{"rendered":"https:\/\/afgrc.com\/?p=1475"},"modified":"2025-07-11T04:43:19","modified_gmt":"2025-07-11T04:43:19","slug":"soykirimci-netanyahudan-sonra-uluslararasi-ceza-mahkemesi-taliban-lideri-ve-yargi-baskani-hakkinda-insanliga-karsi-suc-isledikleri-gerekcesiyle-uluslararasi-tutuklama-karar","status":"publish","type":"post","link":"https:\/\/afgrc.com\/index.php\/tr\/2025\/07\/11\/soykirimci-netanyahudan-sonra-uluslararasi-ceza-mahkemesi-taliban-lideri-ve-yargi-baskani-hakkinda-insanliga-karsi-suc-isledikleri-gerekcesiyle-uluslararasi-tutuklama-karar\/","title":{"rendered":"Soyk\u0131r\u0131mc\u0131 Netanyahu\u2019dan Sonra Uluslararas\u0131 Ceza Mahkemesi, Taliban Lideri ve Yarg\u0131 Ba\u015fkan\u0131 Hakk\u0131nda \u201c\u0130nsanl\u0131\u011fa Kar\u015f\u0131 Su\u00e7\u201d \u0130\u015fledikleri Gerek\u00e7esiyle Uluslararas\u0131 Tutuklama Karar\u0131 \u00c7\u0131kard\u0131"},"content":{"rendered":"\t\t<div data-elementor-type=\"wp-post\" data-elementor-id=\"1475\" class=\"elementor elementor-1475\">\n\t\t\t\t<div class=\"elementor-element elementor-element-d1dbf49 e-flex e-con-boxed e-con e-parent\" data-id=\"d1dbf49\" data-element_type=\"container\">\n\t\t\t\t\t<div class=\"e-con-inner\">\n\t\t\t\t\t<\/div>\n\t\t\t\t<\/div>\n\t\t<div class=\"elementor-element elementor-element-e31e749 e-flex e-con-boxed e-con e-parent\" data-id=\"e31e749\" data-element_type=\"container\">\n\t\t\t\t\t<div class=\"e-con-inner\">\n\t\t\t\t<div class=\"elementor-element elementor-element-eff6eca elementor-widget elementor-widget-text-editor\" data-id=\"eff6eca\" data-element_type=\"widget\" data-widget_type=\"text-editor.default\">\n\t\t\t\t<div class=\"elementor-widget-container\">\n\t\t\t\t\t\t\t\t\t<p>Uluslararas\u0131 Ceza Mahkemesi (UCM), Taliban lideri Heybetullah Ahundzade ve Taliban\u2019\u0131n yarg\u0131 organ\u0131n\u0131n ba\u015f\u0131ndaki isim Abdulhakim Hakani hakk\u0131nda &#8220;insanl\u0131\u011fa kar\u015f\u0131 su\u00e7&#8221; i\u015fledikleri gerek\u00e7esiyle uluslararas\u0131 tutuklama karar\u0131 \u00e7\u0131kard\u0131.<\/p><p>Mahkemenin Temmuz\u2019da yay\u0131mlad\u0131\u011f\u0131 a\u00e7\u0131klamaya g\u00f6re, bu iki \u00fcst d\u00fczey Taliban yetkilisi, \u00f6zellikle kad\u0131nlara ve k\u0131z \u00e7ocuklar\u0131na y\u00f6nelik sistematik cinsiyet ve siyasi temelli bask\u0131lar nedeniyle yarg\u0131lanacak. Kararda, Taliban\u2019\u0131n 2021 A\u011fustos&#8217;unda Afganistan\u2019da kontrol\u00fc ele ge\u00e7irmesinden bu yana uygulad\u0131\u011f\u0131 politikalar\u0131n, kad\u0131n ve k\u0131z \u00e7ocuklar\u0131n\u0131n temel haklardan e\u011fitim, ifade \u00f6zg\u00fcrl\u00fc\u011f\u00fc, hareket serbestli\u011fi ve \u00f6zel ya\u015fam gibi geni\u015f \u00e7apl\u0131 \u015fekilde mahrum b\u0131rak\u0131lmas\u0131na neden oldu\u011fu vurguland\u0131.<\/p><p>UCM\u2019ye g\u00f6re yaln\u0131zca kad\u0131n haklar\u0131n\u0131 savundu\u011fu ya da bu konuda dayan\u0131\u015fma g\u00f6sterdi\u011fi i\u00e7in hedef al\u0131nan bireyler de bu bask\u0131lar\u0131n ma\u011fduru oldu.<\/p><p>Mahkeme, Taliban rejiminin sivil halka y\u00f6nelik ciddi hak ihlalleri i\u00e7eren devlet politikas\u0131 y\u00fcr\u00fctt\u00fc\u011f\u00fcn\u00fc ve bu politikan\u0131n cinayet, keyfi tutuklama, i\u015fkence, cinsel sald\u0131r\u0131 ve zorla kaybetmeler gibi a\u011f\u0131r insan haklar\u0131 ihlallerini kapsad\u0131\u011f\u0131n\u0131 belirtti.<\/p><p>A\u00e7\u0131klamada, \u201cTaliban yaln\u0131zca genel k\u0131s\u0131tlamalar getirmekle kalmam\u0131\u015f, kad\u0131n ve k\u0131z \u00e7ocuklar\u0131n\u0131 do\u011frudan cinsiyetlerinden dolay\u0131 hedef alm\u0131\u015f ve onlar\u0131 temel hak ve \u00f6zg\u00fcrl\u00fcklerden mahrum etmi\u015ftir\u201d denildi.<\/p><p>UCM \u00f6n soru\u015fturma dairesi, kad\u0131nlara y\u00f6nelik bu bask\u0131n\u0131n yaln\u0131zca do\u011frudan \u015fiddetle de\u011fil, ayn\u0131 zamanda toplumsal cinsiyet temelli ayr\u0131mc\u0131 normlar\u0131n sistematik dayat\u0131lmas\u0131 ile de ger\u00e7ekle\u015fti\u011fini ifade etti.<\/p><p>Kararda, bu su\u00e7lara kar\u015f\u0131 \u00e7\u0131kan ya da ses y\u00fckselten bireylerin de hedef haline geldi\u011fi belirtildi.<\/p><p>Mahkeme, tutuklama kararlar\u0131n\u0131n \u015fu an i\u00e7in gizli tutulaca\u011f\u0131n\u0131, bunun gerek\u00e7esinin ma\u011fdurlar\u0131n g\u00fcvenli\u011fi ve dava s\u00fcrecinin selameti oldu\u011funu, ancak kamuoyuna a\u00e7\u0131klanmas\u0131n\u0131n \u201cadaletin \u00e7\u0131karlar\u0131\u201d a\u00e7\u0131s\u0131ndan gerekli g\u00f6r\u00fcld\u00fc\u011f\u00fcn\u00fc a\u00e7\u0131klad\u0131.<\/p><p><strong>Daha \u00d6nce Soyk\u0131r\u0131mc\u0131 Netanyahu Hakk\u0131nda da Benzer Bir Karar \u00c7\u0131km\u0131\u015ft\u0131<\/strong><\/p><p>Uluslararas\u0131 Ceza Mahkemesi, Taliban lideri Heybetullah Ahundzade ve ba\u015fkad\u0131 Abdulhakim Hakani hakk\u0131nda insanl\u0131\u011fa kar\u015f\u0131 su\u00e7lar nedeniyle tutuklama karar\u0131 \u00e7\u0131kar\u0131rken, bu karar, daha \u00f6nce \u0130srail Ba\u015fbakan\u0131 Binyamin Netanyahu i\u00e7in al\u0131nan benzer bir karar\u0131 ak\u0131llara getirdi. UCM, Netanyahu hakk\u0131nda da Gazze\u2019de i\u015flenen sava\u015f su\u00e7lar\u0131 ve olas\u0131 soyk\u0131r\u0131m nedeniyle yakalama karar\u0131 talep etmi\u015fti.<\/p><p>\u00a0<\/p>\t\t\t\t\t\t\t\t<\/div>\n\t\t\t\t<\/div>\n\t\t\t\t\t<\/div>\n\t\t\t\t<\/div>\n\t\t\t\t<\/div>\n\t\t","protected":false},"excerpt":{"rendered":"<p>Uluslararas\u0131 Ceza Mahkemesi (UCM), Taliban lideri Heybetullah Ahundzade ve Taliban\u2019\u0131n yarg\u0131 organ\u0131n\u0131n ba\u015f\u0131ndaki isim Abdulhakim Hakani hakk\u0131nda &#8220;insanl\u0131\u011fa kar\u015f\u0131 su\u00e7&#8221; i\u015fledikleri gerek\u00e7esiyle uluslararas\u0131 tutuklama karar\u0131 \u00e7\u0131kard\u0131. Mahkemenin Temmuz\u2019da yay\u0131mlad\u0131\u011f\u0131 a\u00e7\u0131klamaya g\u00f6re, bu iki \u00fcst d\u00fczey Taliban yetkilisi, \u00f6zellikle kad\u0131nlara ve k\u0131z \u00e7ocuklar\u0131na y\u00f6nelik sistematik cinsiyet ve siyasi temelli bask\u0131lar nedeniyle yarg\u0131lanacak. Kararda, Taliban\u2019\u0131n 2021 A\u011fustos&#8217;unda&#8230;<\/p>\n","protected":false},"author":2,"featured_media":1476,"comment_status":"open","ping_status":"open","sticky":false,"template":"","format":"standard","meta":{"footnotes":""},"categories":[70],"tags":[],"_links":{"self":[{"href":"https:\/\/afgrc.com\/index.php\/wp-json\/wp\/v2\/posts\/1475"}],"collection":[{"href":"https:\/\/afgrc.com\/index.php\/wp-json\/wp\/v2\/posts"}],"about":[{"href":"https:\/\/afgrc.com\/index.php\/wp-json\/wp\/v2\/types\/post"}],"author":[{"embeddable":true,"href":"https:\/\/afgrc.com\/index.php\/wp-json\/wp\/v2\/users\/2"}],"replies":[{"embeddable":true,"href":"https:\/\/afgrc.com\/index.php\/wp-json\/wp\/v2\/comments?post=1475"}],"version-history":[{"count":4,"href":"https:\/\/afgrc.com\/index.php\/wp-json\/wp\/v2\/posts\/1475\/revisions"}],"predecessor-version":[{"id":1480,"href":"https:\/\/afgrc.com\/index.php\/wp-json\/wp\/v2\/posts\/1475\/revisions\/1480"}],"wp:featuredmedia":[{"embeddable":true,"href":"https:\/\/afgrc.com\/index.php\/wp-json\/wp\/v2\/media\/1476"}],"wp:attachment":[{"href":"https:\/\/afgrc.com\/index.php\/wp-json\/wp\/v2\/media?parent=1475"}],"wp:term":[{"taxonomy":"category","embeddable":true,"href":"https:\/\/afgrc.com\/index.php\/wp-json\/wp\/v2\/categories?post=1475"},{"taxonomy":"post_tag","embeddable":true,"href":"https:\/\/afgrc.com\/index.php\/wp-json\/wp\/v2\/tags?post=1475"}],"curies":[{"name":"wp","href":"https:\/\/api.w.org\/{rel}","templated":true}]}}