{"id":1488,"date":"2025-07-19T14:12:40","date_gmt":"2025-07-19T14:12:40","guid":{"rendered":"https:\/\/afgrc.com\/?p=1488"},"modified":"2025-07-19T14:13:13","modified_gmt":"2025-07-19T14:13:13","slug":"eski-dusmanlar-olasi-tehditlere-karsi-korunmak-amaciyla-ortak-savunma-anlasmalari-imzaladi-peki-abdsiz-bir-avrupa-kendi-guvenligini-saglayabilecek-mi","status":"publish","type":"post","link":"https:\/\/afgrc.com\/index.php\/tr\/2025\/07\/19\/eski-dusmanlar-olasi-tehditlere-karsi-korunmak-amaciyla-ortak-savunma-anlasmalari-imzaladi-peki-abdsiz-bir-avrupa-kendi-guvenligini-saglayabilecek-mi\/","title":{"rendered":"Eski D\u00fc\u015fmanlar, Olas\u0131 Tehditlere Kar\u015f\u0131 Korunmak Amac\u0131yla Ortak Savunma Anla\u015fmalar\u0131 \u0130mzalad\u0131: Peki, ABD\u2019siz Bir Avrupa Kendi G\u00fcvenli\u011fini Sa\u011flayabilecek mi?"},"content":{"rendered":"\t\t<div data-elementor-type=\"wp-post\" data-elementor-id=\"1488\" class=\"elementor elementor-1488\">\n\t\t\t\t<div class=\"elementor-element elementor-element-9ebcc1a e-flex e-con-boxed e-con e-parent\" data-id=\"9ebcc1a\" data-element_type=\"container\">\n\t\t\t\t\t<div class=\"e-con-inner\">\n\t\t\t\t<div class=\"elementor-element elementor-element-c7b4484 elementor-widget elementor-widget-text-editor\" data-id=\"c7b4484\" data-element_type=\"widget\" data-widget_type=\"text-editor.default\">\n\t\t\t\t<div class=\"elementor-widget-container\">\n\t\t\t\t\t\t\t\t\t<p>\u0130kinci D\u00fcnya Sava\u015f\u0131\u2019nda birbirine kar\u015f\u0131 sava\u015fan eski d\u00fc\u015fmanlar \u0130ngiltere ve Almanya, Per\u015fembe g\u00fcn\u00fc Avrupa\u2019n\u0131n g\u00fcvenlik gelece\u011fini \u015fekillendirecek tarihi bir ad\u0131m att\u0131. \u0130ki \u00fclke, herhangi bir silahl\u0131 sald\u0131r\u0131n\u0131n di\u011ferine yap\u0131lm\u0131\u015f say\u0131laca\u011f\u0131 y\u00f6n\u00fcnde kapsaml\u0131 bir ikili savunma anla\u015fmas\u0131 imzalad\u0131.<\/p><p>\u0130ngiltere Ba\u015fbakan\u0131 Keir Starmer ve Almanya Ba\u015fbakan\u0131 Friedrich Merz, Londra\u2019da ger\u00e7ekle\u015ftirdikleri g\u00f6r\u00fc\u015fmenin ard\u0131ndan anla\u015fmay\u0131 kamuoyuna duyurdu. Taraflar, bu mutabakat\u0131 hem Donald Trump\u2019\u0131n \u00e7ok tarafl\u0131l\u0131\u011fa kar\u015f\u0131 s\u00f6ylemleri hem de Rusya\u2019n\u0131n Ukrayna\u2019y\u0131 i\u015fgali kar\u015f\u0131s\u0131nda, Avrupa\u2019n\u0131n savunma alan\u0131nda daha ba\u011f\u0131ms\u0131z ve kolektif bir rol \u00fcstlenmesi gereklili\u011finin bir yans\u0131mas\u0131 olarak de\u011ferlendirdi.<\/p><p>\u0130kinci D\u00fcnya Sava\u015f\u0131\u2019nda \u00f6l\u00fcmc\u00fcl cephelerde kar\u015f\u0131 kar\u015f\u0131ya gelen \u0130ngiltere ve Almanya\u2019n\u0131n bug\u00fcn savunma alan\u0131nda dayan\u0131\u015fma g\u00f6stermesi, Avrupa\u2019daki jeopolitik dengelerin ne denli de\u011fi\u015fti\u011fini ortaya koyuyor. Anla\u015fma, NATO \u015femsiyesi alt\u0131ndaki g\u00fcvenlik anlay\u0131\u015f\u0131na paralel ilerlese de, Avrupa\u2019n\u0131n ABD\u2019siz bir g\u00fcvenlik mimarisi kurma arzusunu da g\u00f6steriyor.<\/p>\t\t\t\t\t\t\t\t<\/div>\n\t\t\t\t<\/div>\n\t\t\t\t\t<\/div>\n\t\t\t\t<\/div>\n\t\t\t\t<\/div>\n\t\t","protected":false},"excerpt":{"rendered":"<p>\u0130kinci D\u00fcnya Sava\u015f\u0131\u2019nda birbirine kar\u015f\u0131 sava\u015fan eski d\u00fc\u015fmanlar \u0130ngiltere ve Almanya, Per\u015fembe g\u00fcn\u00fc Avrupa\u2019n\u0131n g\u00fcvenlik gelece\u011fini \u015fekillendirecek tarihi bir ad\u0131m att\u0131. \u0130ki \u00fclke, herhangi bir silahl\u0131 sald\u0131r\u0131n\u0131n di\u011ferine yap\u0131lm\u0131\u015f say\u0131laca\u011f\u0131 y\u00f6n\u00fcnde kapsaml\u0131 bir ikili savunma anla\u015fmas\u0131 imzalad\u0131. \u0130ngiltere Ba\u015fbakan\u0131 Keir Starmer ve Almanya Ba\u015fbakan\u0131 Friedrich Merz, Londra\u2019da ger\u00e7ekle\u015ftirdikleri g\u00f6r\u00fc\u015fmenin ard\u0131ndan anla\u015fmay\u0131 kamuoyuna duyurdu. Taraflar, bu&#8230;<\/p>\n","protected":false},"author":2,"featured_media":1489,"comment_status":"open","ping_status":"open","sticky":false,"template":"","format":"standard","meta":{"footnotes":""},"categories":[70],"tags":[],"_links":{"self":[{"href":"https:\/\/afgrc.com\/index.php\/wp-json\/wp\/v2\/posts\/1488"}],"collection":[{"href":"https:\/\/afgrc.com\/index.php\/wp-json\/wp\/v2\/posts"}],"about":[{"href":"https:\/\/afgrc.com\/index.php\/wp-json\/wp\/v2\/types\/post"}],"author":[{"embeddable":true,"href":"https:\/\/afgrc.com\/index.php\/wp-json\/wp\/v2\/users\/2"}],"replies":[{"embeddable":true,"href":"https:\/\/afgrc.com\/index.php\/wp-json\/wp\/v2\/comments?post=1488"}],"version-history":[{"count":4,"href":"https:\/\/afgrc.com\/index.php\/wp-json\/wp\/v2\/posts\/1488\/revisions"}],"predecessor-version":[{"id":1493,"href":"https:\/\/afgrc.com\/index.php\/wp-json\/wp\/v2\/posts\/1488\/revisions\/1493"}],"wp:featuredmedia":[{"embeddable":true,"href":"https:\/\/afgrc.com\/index.php\/wp-json\/wp\/v2\/media\/1489"}],"wp:attachment":[{"href":"https:\/\/afgrc.com\/index.php\/wp-json\/wp\/v2\/media?parent=1488"}],"wp:term":[{"taxonomy":"category","embeddable":true,"href":"https:\/\/afgrc.com\/index.php\/wp-json\/wp\/v2\/categories?post=1488"},{"taxonomy":"post_tag","embeddable":true,"href":"https:\/\/afgrc.com\/index.php\/wp-json\/wp\/v2\/tags?post=1488"}],"curies":[{"name":"wp","href":"https:\/\/api.w.org\/{rel}","templated":true}]}}