{"id":1494,"date":"2025-07-21T16:39:45","date_gmt":"2025-07-21T16:39:45","guid":{"rendered":"https:\/\/afgrc.com\/?p=1494"},"modified":"2025-07-21T16:42:34","modified_gmt":"2025-07-21T16:42:34","slug":"talibanin-kiz-ogrencilerin-girisine-izin-vermedigi-universitenin-sonuclari-aciklandi","status":"publish","type":"post","link":"https:\/\/afgrc.com\/index.php\/tr\/2025\/07\/21\/talibanin-kiz-ogrencilerin-girisine-izin-vermedigi-universitenin-sonuclari-aciklandi\/","title":{"rendered":"Taliban\u2019\u0131n K\u0131z \u00d6\u011frencilerin Giri\u015fine \u0130zin Vermedi\u011fi \u00dcniversitenin Sonu\u00e7lar\u0131 A\u00e7\u0131kland\u0131"},"content":{"rendered":"\t\t<div data-elementor-type=\"wp-post\" data-elementor-id=\"1494\" class=\"elementor elementor-1494\">\n\t\t\t\t<div class=\"elementor-element elementor-element-c844b56 e-flex e-con-boxed e-con e-parent\" data-id=\"c844b56\" data-element_type=\"container\">\n\t\t\t\t\t<div class=\"e-con-inner\">\n\t\t\t\t<div class=\"elementor-element elementor-element-0243802 elementor-widget elementor-widget-image\" data-id=\"0243802\" data-element_type=\"widget\" data-widget_type=\"image.default\">\n\t\t\t\t<div class=\"elementor-widget-container\">\n\t\t\t\t\t\t\t\t\t\t\t\t\t\t\t<img fetchpriority=\"high\" decoding=\"async\" width=\"640\" height=\"640\" src=\"https:\/\/afgrc.com\/wp-content\/uploads\/2025\/07\/WhatsApp-Image-2025-07-21-at-15.00.08-1024x1024.jpeg\" class=\"attachment-large size-large wp-image-1497\" alt=\"\" srcset=\"https:\/\/afgrc.com\/wp-content\/uploads\/2025\/07\/WhatsApp-Image-2025-07-21-at-15.00.08-1024x1024.jpeg 1024w, https:\/\/afgrc.com\/wp-content\/uploads\/2025\/07\/WhatsApp-Image-2025-07-21-at-15.00.08-300x300.jpeg 300w, https:\/\/afgrc.com\/wp-content\/uploads\/2025\/07\/WhatsApp-Image-2025-07-21-at-15.00.08-150x150.jpeg 150w, https:\/\/afgrc.com\/wp-content\/uploads\/2025\/07\/WhatsApp-Image-2025-07-21-at-15.00.08-768x768.jpeg 768w, https:\/\/afgrc.com\/wp-content\/uploads\/2025\/07\/WhatsApp-Image-2025-07-21-at-15.00.08.jpeg 1080w\" sizes=\"(max-width: 640px) 100vw, 640px\" \/>\t\t\t\t\t\t\t\t\t\t\t\t\t\t\t<\/div>\n\t\t\t\t<\/div>\n\t\t\t\t<div class=\"elementor-element elementor-element-0aefbfd elementor-widget elementor-widget-text-editor\" data-id=\"0aefbfd\" data-element_type=\"widget\" data-widget_type=\"text-editor.default\">\n\t\t\t\t<div class=\"elementor-widget-container\">\n\t\t\t\t\t\t\t\t\t<p><br><\/p><p>Afganistan\u2019da Taliban y\u00f6netimi alt\u0131nda bu y\u0131l da \u00fcniversiteye giri\u015f s\u0131nav\u0131 olan Kankor sonu\u00e7lar\u0131 a\u00e7\u0131kland\u0131. Bu, Taliban\u2019\u0131n k\u0131z \u00f6\u011frencilere y\u00f6nelik y\u00fcksek\u00f6\u011fretim yasa\u011f\u0131n\u0131n s\u00fcrd\u00fc\u011f\u00fc \u00fc\u00e7\u00fcnc\u00fc y\u0131l oldu. 2025 y\u0131l\u0131 itibar\u0131yla da hi\u00e7bir k\u0131z \u00f6\u011frenci s\u0131nava kat\u0131lamad\u0131 ve \u00fcniversiteye girme hakk\u0131 elde edemedi.<\/p>\n<p>Taliban kontrol\u00fcndeki Ulusal S\u0131nav \u0130daresi Ba\u015fkan\u0131 Abd\u00fclbaki Hakani, bu y\u0131l Kankor\u2019a 102 bin 169 aday\u0131n ba\u015fvurdu\u011funu a\u00e7\u0131klad\u0131. Hakani\u2019nin verdi\u011fi bilgilere g\u00f6re:<\/p>\n<p>\u2022 79 bin 400 aday devlet \u00fcniversitelerine,<br>\u2022 33 bin 550 aday yar\u0131 y\u00fcksek\u00f6\u011fretim kurumlar\u0131na,<br>\u2022 Geriye kalan adaylar ise mesleki ve teknik e\u011fitim merkezlerine yerle\u015ftirilecek.<br>S\u0131nava kat\u0131l\u0131m bu y\u0131l da farkl\u0131 kategoriler \u00fczerinden ger\u00e7ekle\u015fti. Bunlar aras\u0131nda genel Kankor, dini medrese mezunlar\u0131, gece okulu mezunlar\u0131, 14. s\u0131n\u0131f mezunlar\u0131 (\u00f6\u011fretmen okullar\u0131), a\u015firet kontenjanlar\u0131 ve yurtd\u0131\u015f\u0131 ba\u015fvurular\u0131 yer ald\u0131.<\/p>\n<p>Bu y\u0131l\u0131n Kankor birincisi, Seyyid Musa oldu. 356.574 puan alan Musa, Kabil T\u0131p \u00dcniversitesine yerle\u015fmeye hak kazand\u0131. Musa, \u00f6zel Pamir-i Nevin Lisesi mezunu.<\/p>\n<p>\u0130kinci s\u0131rada yine ayn\u0131 liseden mezun olan Muhammed Nazir yer ald\u0131. 356 puan toplayan Nazir de Kabil T\u0131p \u00dcniversitesi\u2019ne kabul edildi.<\/p>\n<p>\u00dc\u00e7\u00fcnc\u00fcl\u00fc\u011f\u00fc ise 353 puanla Hamze elde etti. Kabil Ghulam Haidar Khan Lisesi mezunu olan Hamze de t\u0131p fak\u00fcltesine yerle\u015fti.<\/p>\n<p>D\u00f6rd\u00fcnc\u00fc s\u0131rada yer alan Azamatullah da 353 puanla ayn\u0131 \u00fcniversiteye kabul edilen bir di\u011fer \u00f6\u011frenci oldu. O da \u0130brahim Halilullah Lisesi mezunu.<\/p>\n<p>Kad\u0131nlar\u0131n sistematik olarak d\u0131\u015fland\u0131\u011f\u0131 bir e\u011fitim ortam\u0131nda, s\u0131nav sonu\u00e7lar\u0131n\u0131n bu y\u0131l da yaln\u0131zca erkek \u00f6\u011frencileri kapsamas\u0131, Taliban y\u00f6netiminin kad\u0131nlara y\u00f6nelik bask\u0131c\u0131 politikalar\u0131nda herhangi bir de\u011fi\u015fiklik olmad\u0131\u011f\u0131n\u0131 ve Afgan halk\u0131na, \u00f6zellikle de k\u0131zlara ve kad\u0131nlara verdikleri s\u00f6zlerin ger\u00e7e\u011fi yans\u0131tmad\u0131\u011f\u0131n\u0131 ortaya koymaktad\u0131r.<\/p>\n<p>K\u0131z \u00d6\u011frenciler Taliban \u00d6ncesi Zirvedeydi, \u015eimdi S\u0131navlara Giremiyor<\/p>\n<p>Taliban \u00f6ncesi Afganistan&#8217;da 2021 y\u0131l\u0131nda yap\u0131lan \u00fcniversiteye giri\u015f s\u0131nav\u0131lar\u0131nda k\u0131z \u00f6\u011frenciler defalarca birinci oldu ve derceye girdiler. Bunlar aras\u0131nda 25 A\u011fustos 2021 y\u0131l\u0131nfa Taliban\u2019\u0131n iktidar\u0131 ele ge\u00e7irmesinden k\u0131sa bir s\u00fcre \u00f6nce ger\u00e7ekle\u015ftirilen s\u0131navda ba\u015fkent Kabil\u2019den Selgi isimli bir k\u0131z \u00f6\u011frenci, t\u00fcm adaylar aras\u0131nda birinci oldu ve dikkat \u00e7eken bir ba\u015far\u0131ya imza att\u0131.<\/p>\n<p>Bu ba\u015far\u0131 bir tesad\u00fcf de\u011fildi. 2020 y\u0131l\u0131nda da bir ba\u015fka k\u0131z \u00f6\u011frenci olan \u015eemsiye Alizade, Kankor s\u0131nav\u0131nda \u00fclke birincisi olmu\u015ftu.<\/p>\n<p>Yine benzer \u015fekilde 2018\u2019de Tehmina, 353 puan alarak Afganistan genel birincisi oldu. Gen\u00e7 ya\u015fta bu ba\u015far\u0131y\u0131 elde eden Tehmina, ba\u015far\u0131s\u0131n\u0131 kendi azmine ve e\u011fitim ald\u0131\u011f\u0131 Afgan-T\u00fcrk Lisesi\u2019ne bor\u00e7lu oldu\u011funu ifade etmi\u015fti.<\/p>\n<p>Bu veriler, Taliban \u00f6ncesi d\u00f6nemde k\u0131z \u00f6\u011frencilerin y\u00fcksek\u00f6\u011fretime eri\u015fimde ne kadar aktif ve ba\u015far\u0131l\u0131 olduklar\u0131n\u0131 ortaya koyuyor. Ancak Taliban\u2019\u0131n 15 A\u011fustos 2021\u2019de yeniden iktidara gelmesiyle birlikte, k\u0131zlar\u0131n \u00fcniversiteye giri\u015fleri tamamen yasakland\u0131 ve bu ba\u015far\u0131lar\u0131n \u00f6n\u00fc kesildi.<\/p>\t\t\t\t\t\t\t\t<\/div>\n\t\t\t\t<\/div>\n\t\t\t\t\t<\/div>\n\t\t\t\t<\/div>\n\t\t\t\t<\/div>\n\t\t","protected":false},"excerpt":{"rendered":"<p>Afganistan\u2019da Taliban y\u00f6netimi alt\u0131nda bu y\u0131l da \u00fcniversiteye giri\u015f s\u0131nav\u0131 olan Kankor sonu\u00e7lar\u0131 a\u00e7\u0131kland\u0131. Bu, Taliban\u2019\u0131n k\u0131z \u00f6\u011frencilere y\u00f6nelik y\u00fcksek\u00f6\u011fretim yasa\u011f\u0131n\u0131n s\u00fcrd\u00fc\u011f\u00fc \u00fc\u00e7\u00fcnc\u00fc y\u0131l oldu. 2025 y\u0131l\u0131 itibar\u0131yla da hi\u00e7bir k\u0131z \u00f6\u011frenci s\u0131nava kat\u0131lamad\u0131 ve \u00fcniversiteye girme hakk\u0131 elde edemedi. Taliban kontrol\u00fcndeki Ulusal S\u0131nav \u0130daresi Ba\u015fkan\u0131 Abd\u00fclbaki Hakani, bu y\u0131l Kankor\u2019a 102 bin 169 aday\u0131n&#8230;<\/p>\n","protected":false},"author":2,"featured_media":1495,"comment_status":"open","ping_status":"open","sticky":false,"template":"","format":"standard","meta":{"footnotes":""},"categories":[70],"tags":[],"_links":{"self":[{"href":"https:\/\/afgrc.com\/index.php\/wp-json\/wp\/v2\/posts\/1494"}],"collection":[{"href":"https:\/\/afgrc.com\/index.php\/wp-json\/wp\/v2\/posts"}],"about":[{"href":"https:\/\/afgrc.com\/index.php\/wp-json\/wp\/v2\/types\/post"}],"author":[{"embeddable":true,"href":"https:\/\/afgrc.com\/index.php\/wp-json\/wp\/v2\/users\/2"}],"replies":[{"embeddable":true,"href":"https:\/\/afgrc.com\/index.php\/wp-json\/wp\/v2\/comments?post=1494"}],"version-history":[{"count":4,"href":"https:\/\/afgrc.com\/index.php\/wp-json\/wp\/v2\/posts\/1494\/revisions"}],"predecessor-version":[{"id":1500,"href":"https:\/\/afgrc.com\/index.php\/wp-json\/wp\/v2\/posts\/1494\/revisions\/1500"}],"wp:featuredmedia":[{"embeddable":true,"href":"https:\/\/afgrc.com\/index.php\/wp-json\/wp\/v2\/media\/1495"}],"wp:attachment":[{"href":"https:\/\/afgrc.com\/index.php\/wp-json\/wp\/v2\/media?parent=1494"}],"wp:term":[{"taxonomy":"category","embeddable":true,"href":"https:\/\/afgrc.com\/index.php\/wp-json\/wp\/v2\/categories?post=1494"},{"taxonomy":"post_tag","embeddable":true,"href":"https:\/\/afgrc.com\/index.php\/wp-json\/wp\/v2\/tags?post=1494"}],"curies":[{"name":"wp","href":"https:\/\/api.w.org\/{rel}","templated":true}]}}