{"id":1502,"date":"2025-07-29T11:08:24","date_gmt":"2025-07-29T11:08:24","guid":{"rendered":"https:\/\/afgrc.com\/?p=1502"},"modified":"2025-07-29T11:11:00","modified_gmt":"2025-07-29T11:11:00","slug":"afganistanin-goc-ve-diasporasi-seminerlerinin-yazili-metni","status":"publish","type":"post","link":"https:\/\/afgrc.com\/index.php\/tr\/2025\/07\/29\/afganistanin-goc-ve-diasporasi-seminerlerinin-yazili-metni\/","title":{"rendered":"&#8220;Afganistan&#8217;\u0131n G\u00f6\u00e7 ve Diasporas\u0131&#8221; Seminerlerinin Yaz\u0131l\u0131 Metni"},"content":{"rendered":"\t\t<div data-elementor-type=\"wp-post\" data-elementor-id=\"1502\" class=\"elementor elementor-1502\">\n\t\t\t\t<div class=\"elementor-element elementor-element-46f9662 e-flex e-con-boxed e-con e-parent\" data-id=\"46f9662\" data-element_type=\"container\">\n\t\t\t\t\t<div class=\"e-con-inner\">\n\t\t\t\t<div class=\"elementor-element elementor-element-4c3f5e6 elementor-widget elementor-widget-text-editor\" data-id=\"4c3f5e6\" data-element_type=\"widget\" data-widget_type=\"text-editor.default\">\n\t\t\t\t<div class=\"elementor-widget-container\">\n\t\t\t\t\t\t\t\t\t<p data-start=\"194\" data-end=\"681\">Afganistan\u2019da g\u00f6\u00e7, tarihsel s\u00fcre\u00e7 i\u00e7erisinde siyasi istikrars\u0131zl\u0131k, ekonomik krizler, uzun s\u00fcreli sava\u015flar ve toplumsal cinsiyet ayr\u0131mc\u0131l\u0131\u011f\u0131 gibi bir\u00e7ok etkenin bir sonucu olarak ortaya \u00e7\u0131kan temel bir toplumsal olgudur. Bu ba\u011flamda, Afganistan Ara\u015ft\u0131rmalar\u0131 ve \u00c7al\u0131\u015fmalar\u0131 Merkezi taraf\u0131ndan 26 Nisan \u2013 24 May\u0131s 2024 tarihleri aras\u0131nda d\u00fczenlenen \u201cAfganistan\u2019n\u0131n G\u00f6\u00e7 ve Diasporas\u0131\u201d ba\u015fl\u0131kl\u0131 seminer dizisi, s\u00f6z konusu olgunun \u00e7ok boyutlu bir \u015fekilde ele al\u0131nmas\u0131na zemin haz\u0131rlam\u0131\u015ft\u0131r.<\/p><p data-start=\"683\" data-end=\"1123\">Be\u015f ayr\u0131 oturumdan olu\u015fan bu seminer serisinde, g\u00f6\u00e7\u00fcn tarihsel nedenleri, g\u00f6\u00e7\u00fcn azalt\u0131lmas\u0131na y\u00f6nelik \u00e7\u00f6z\u00fcm \u00f6nerileri, Afganistan diasporas\u0131n\u0131n ev sahibi ve men\u015fe \u00fclke ba\u011flam\u0131ndaki mevcut durumu ve gelecekte \u00fcstlenebilece\u011fi roller uzmanlar, akademisyenler ve aktivistler taraf\u0131ndan kapsaml\u0131 bi\u00e7imde tart\u0131\u015f\u0131lm\u0131\u015ft\u0131r. Ayr\u0131ca, g\u00f6\u00e7 krizinin y\u00f6netimi ve diaspora topluluklar\u0131n\u0131n kar\u015f\u0131la\u015ft\u0131\u011f\u0131 zorluklara y\u00f6nelik yap\u0131c\u0131 \u00e7\u00f6z\u00fcm \u00f6nerileri sunulmu\u015ftur.<\/p><p data-start=\"1125\" data-end=\"1306\">Bu seminer dizisi, hem bilimsel analizlere hem de uygulamaya d\u00f6n\u00fck stratejilere yer vererek, g\u00f6\u00e7 ve diaspora konular\u0131nda daha derinlemesine bir fark\u0131ndal\u0131k yaratmay\u0131 hedeflemi\u015ftir.<\/p><p data-start=\"1308\" data-end=\"1438\"><strong data-start=\"1308\" data-end=\"1438\">Detayl\u0131 bilgi ve t\u00fcm oturumlara dair i\u00e7eriklere ula\u015fmak i\u00e7in a\u015fa\u011f\u0131daki ba\u011flant\u0131ya t\u0131klayarak PDF dosyas\u0131n\u0131 inceleyebilirsiniz:<\/strong><\/p><p data-start=\"1440\" data-end=\"1482\">\ud83d\udd17 <em data-start=\"1443\" data-end=\"1482\">[<a href=\"https:\/\/drive.google.com\/file\/d\/1VMgM4gO3D97tO8mYzYoLn52bUbJlo_Dc\/view?usp=sharing\">PDF&#8217;yi g\u00f6r\u00fcnt\u00fclemek i\u00e7in t\u0131klay\u0131n\u0131z<\/a>]<\/em><\/p>\t\t\t\t\t\t\t\t<\/div>\n\t\t\t\t<\/div>\n\t\t\t\t\t<\/div>\n\t\t\t\t<\/div>\n\t\t\t\t<\/div>\n\t\t","protected":false},"excerpt":{"rendered":"<p>Afganistan\u2019da g\u00f6\u00e7, tarihsel s\u00fcre\u00e7 i\u00e7erisinde siyasi istikrars\u0131zl\u0131k, ekonomik krizler, uzun s\u00fcreli sava\u015flar ve toplumsal cinsiyet ayr\u0131mc\u0131l\u0131\u011f\u0131 gibi bir\u00e7ok etkenin bir sonucu olarak ortaya \u00e7\u0131kan temel bir toplumsal olgudur. Bu ba\u011flamda, Afganistan Ara\u015ft\u0131rmalar\u0131 ve \u00c7al\u0131\u015fmalar\u0131 Merkezi taraf\u0131ndan 26 Nisan \u2013 24 May\u0131s 2024 tarihleri aras\u0131nda d\u00fczenlenen \u201cAfganistan\u2019n\u0131n G\u00f6\u00e7 ve Diasporas\u0131\u201d ba\u015fl\u0131kl\u0131 seminer dizisi, s\u00f6z konusu olgunun&#8230;<\/p>\n","protected":false},"author":2,"featured_media":1507,"comment_status":"open","ping_status":"open","sticky":false,"template":"","format":"standard","meta":{"footnotes":""},"categories":[105],"tags":[],"_links":{"self":[{"href":"https:\/\/afgrc.com\/index.php\/wp-json\/wp\/v2\/posts\/1502"}],"collection":[{"href":"https:\/\/afgrc.com\/index.php\/wp-json\/wp\/v2\/posts"}],"about":[{"href":"https:\/\/afgrc.com\/index.php\/wp-json\/wp\/v2\/types\/post"}],"author":[{"embeddable":true,"href":"https:\/\/afgrc.com\/index.php\/wp-json\/wp\/v2\/users\/2"}],"replies":[{"embeddable":true,"href":"https:\/\/afgrc.com\/index.php\/wp-json\/wp\/v2\/comments?post=1502"}],"version-history":[{"count":4,"href":"https:\/\/afgrc.com\/index.php\/wp-json\/wp\/v2\/posts\/1502\/revisions"}],"predecessor-version":[{"id":1506,"href":"https:\/\/afgrc.com\/index.php\/wp-json\/wp\/v2\/posts\/1502\/revisions\/1506"}],"wp:featuredmedia":[{"embeddable":true,"href":"https:\/\/afgrc.com\/index.php\/wp-json\/wp\/v2\/media\/1507"}],"wp:attachment":[{"href":"https:\/\/afgrc.com\/index.php\/wp-json\/wp\/v2\/media?parent=1502"}],"wp:term":[{"taxonomy":"category","embeddable":true,"href":"https:\/\/afgrc.com\/index.php\/wp-json\/wp\/v2\/categories?post=1502"},{"taxonomy":"post_tag","embeddable":true,"href":"https:\/\/afgrc.com\/index.php\/wp-json\/wp\/v2\/tags?post=1502"}],"curies":[{"name":"wp","href":"https:\/\/api.w.org\/{rel}","templated":true}]}}