{"id":1508,"date":"2025-07-30T13:36:26","date_gmt":"2025-07-30T13:36:26","guid":{"rendered":"https:\/\/afgrc.com\/?p=1508"},"modified":"2025-07-30T13:37:24","modified_gmt":"2025-07-30T13:37:24","slug":"israilin-kacinilmaz-sonu-her-zamankinden-daha-yakin","status":"publish","type":"post","link":"https:\/\/afgrc.com\/index.php\/tr\/2025\/07\/30\/israilin-kacinilmaz-sonu-her-zamankinden-daha-yakin\/","title":{"rendered":"\u0130srail\u2019in Ka\u00e7\u0131n\u0131lmaz Sonu Her Zamankinden Daha Yak\u0131n"},"content":{"rendered":"\t\t<div data-elementor-type=\"wp-post\" data-elementor-id=\"1508\" class=\"elementor elementor-1508\">\n\t\t\t\t<div class=\"elementor-element elementor-element-312e170 e-flex e-con-boxed e-con e-parent\" data-id=\"312e170\" data-element_type=\"container\">\n\t\t\t\t\t<div class=\"e-con-inner\">\n\t\t\t\t\t<\/div>\n\t\t\t\t<\/div>\n\t\t<div class=\"elementor-element elementor-element-c010f8d e-flex e-con-boxed e-con e-parent\" data-id=\"c010f8d\" data-element_type=\"container\">\n\t\t\t\t\t<div class=\"e-con-inner\">\n\t\t\t\t<div class=\"elementor-element elementor-element-ca34a7a elementor-widget elementor-widget-text-editor\" data-id=\"ca34a7a\" data-element_type=\"widget\" data-widget_type=\"text-editor.default\">\n\t\t\t\t<div class=\"elementor-widget-container\">\n\t\t\t\t\t\t\t\t\t<p>Bug\u00fcn d\u00fcnyam\u0131z \u00e7ok \u00f6nemli g\u00fcnlerden ge\u00e7iyor. Suriye\u2019den Tahran\u2019a, Kabil\u2019den \u0130slamabad\u2019a, Banglade\u015f\u2019ten Afrika\u2019ya ve \u0130stanbul\u2019dan Gazze\u2019ye kadar bir\u00e7ok b\u00f6lgede d\u00fcnya d\u00fczeninin kaderini belirleyecek geli\u015fmelere tan\u0131kl\u0131k ediliyor. Ancak bunlar\u0131n en \u00f6nemli odak noktas\u0131 Gazze\u2019dir.<\/p><p>7 Ekim 2023\u2019te Aksa Tufan\u0131 ile ba\u015flayan olaylar, d\u00fcnya \u00e7ap\u0131nda yaln\u0131zca Filistin halk\u0131n\u0131n hakl\u0131 davas\u0131n\u0131 g\u00f6r\u00fcn\u00fcr k\u0131lmakla kalmad\u0131; ayn\u0131 zamanda soyk\u0131r\u0131mc\u0131 \u0130srail\u2019in ger\u00e7ek bir ter\u00f6r devleti oldu\u011funu, Bat\u0131l\u0131 \u00fclkelerin ikiy\u00fczl\u00fcl\u00fc\u011f\u00fcn\u00fc ve soyk\u0131r\u0131m\u0131 nas\u0131l sars\u0131lmaz \u015fekilde desteklediklerini de ortaya koydu. Bu s\u00fcre\u00e7, \u0130srail\u2019in sadece b\u00f6lge i\u00e7in de\u011fil, t\u00fcm d\u00fcnya i\u00e7in bir g\u00fcvenlik ve istikrar tehdidi haline geldi\u011fini, d\u00fcnya kamuoyunun geni\u015f kesimlerinin ona kar\u015f\u0131 nefret besledi\u011fini ve sonu\u00e7 olarak hem i\u00e7ten hem d\u0131\u015ftan \u00e7\u00f6kmekte oldu\u011funu a\u00e7\u0131k\u00e7a g\u00f6sterdi.<\/p><p>Fakat mesele burada bitmiyor. \u0130srail\u2019in ka\u00e7\u0131n\u0131lmaz sonunu ve \u00e7\u00f6k\u00fc\u015f\u00fcn\u00fc fark eden Bat\u0131l\u0131 ve baz\u0131 Avrupa \u00fclkeleri de art\u0131k \u0130srail\u2019i yaln\u0131z b\u0131rak\u0131p uzaktan onun nas\u0131l kahrolup peri\u015fan olaca\u011f\u0131n\u0131 izlemek istiyor. \u00d6te yandan bu \u00fclkeler, \u0130srail\u2019in d\u00fc\u015fece\u011fi u\u00e7uruma kendilerinin de s\u00fcr\u00fcklenmemesi i\u00e7in son dakikada kendilerini kurtarman\u0131n derdine d\u00fc\u015fm\u00fc\u015f durumda.<\/p><p>Bu ba\u011flamda, Avrupa\u2019da \u0130srail\u2019e verdi\u011fi g\u00fc\u00e7l\u00fc destekle her zaman \u00f6ne \u00e7\u0131kan Fransa ve \u0130ngiltere dikkat \u00e7ekiyor. Fransa Cumhurba\u015fkan\u0131 Emmanuel Macron, 24 Temmuz Per\u015fembe g\u00fcn\u00fc yapt\u0131\u011f\u0131 a\u00e7\u0131klamada, Fransa&#8217;n\u0131n Filistin\u2019i devlet olarak tan\u0131yaca\u011f\u0131n\u0131 duyurdu. Macron, sosyal medya platformu X\u2019ten yapt\u0131\u011f\u0131 payla\u015f\u0131mda bu karar\u0131n Eyl\u00fcl ay\u0131nda Birle\u015fmi\u015f Milletler Genel Kurulu\u2019nda resmiyet kazanaca\u011f\u0131n\u0131 belirtti. \u201cBug\u00fcn acil olan \u015fey, Gazze\u2019deki sava\u015f\u0131n sona ermesi ve sivil halk\u0131n kurtar\u0131lmas\u0131d\u0131r\u201d diyen Macron, \u201cFransa\u2019n\u0131n Ortado\u011fu\u2019da adil ve s\u00fcrd\u00fcr\u00fclebilir bir bar\u0131\u015fa olan tarihi ba\u011fl\u0131l\u0131\u011f\u0131 g\u00f6z \u00f6n\u00fcne al\u0131nd\u0131\u011f\u0131nda, Filistin devletinin tan\u0131nmas\u0131na karar verdim. Bar\u0131\u015f m\u00fcmk\u00fcnd\u00fcr\u201d ifadelerini kulland\u0131.<\/p><p>Macron\u2019un bu a\u00e7\u0131klamas\u0131n\u0131n, \u0130srail\u2019in Gazze\u2019de y\u00fcr\u00fctt\u00fc\u011f\u00fc soyk\u0131r\u0131mda binlerce masum insan\u0131n sava\u015f, a\u00e7l\u0131k ve susuzluk nedeniyle hayat\u0131n\u0131 kaybetmesinden sonra gelmesi zamanlama a\u00e7\u0131s\u0131ndan olduk\u00e7a manidard\u0131r. Fransa\u2019n\u0131n bu ad\u0131m\u0131n\u0131n ard\u0131ndan \u0130ngiltere\u2019den de \u0130srail\u2019e y\u00f6nelik tehdit niteli\u011finde bir a\u00e7\u0131klama geldi. Birka\u00e7 g\u00fcn \u00f6nce 221 \u0130ngiliz milletvekili Filistin devletinin tan\u0131nmas\u0131 i\u00e7in mektup yazarken, d\u00fcn \u0130ngiltere Ba\u015fbakan\u0131 a\u00e7\u0131k\u00e7a \u0130srail\u2019i uyard\u0131.<\/p><p>\u0130ngiltere Ba\u015fbakan\u0131 Keir Starmer, \u0130srail\u2019e baz\u0131 \u015fartlar \u00f6ne s\u00fcrerek, bunlar\u0131n yerine getirilmemesi halinde Eyl\u00fcl ay\u0131ndaki BM Genel Kurulu\u2019nda Filistin\u2019i devlet olarak tan\u0131yacaklar\u0131n\u0131 a\u00e7\u0131klad\u0131. Starmer, d\u00fczenledi\u011fi bas\u0131n toplant\u0131s\u0131nda \u015fartlar\u0131n\u0131 \u015f\u00f6yle s\u0131ralad\u0131:<\/p><ul><li>\u0130ki devletli \u00e7\u00f6z\u00fcme ula\u015facak uzun vadeli bir bar\u0131\u015f s\u00fcrecine ba\u011fl\u0131l\u0131k a\u00e7\u0131klamas\u0131,<\/li><li>Gazze&#8217;deki korkun\u00e7 durumu sona erdirmek ad\u0131na somut ad\u0131mlar at\u0131lmas\u0131,<\/li><li>Bat\u0131 \u015eeria\u2019n\u0131n ilhak edilmeyece\u011finin net bir \u015fekilde ifade edilmesi.<\/li><\/ul><p>Starmer, hedeflerinin g\u00fcvenli bir \u0130srail ile ya\u015fayabilir, egemen bir Filistin devleti oldu\u011funu vurgulad\u0131. Bu a\u00e7\u0131klamalar\u0131n, \u201cGazze\u2019deki durumun art\u0131k tahamm\u00fcl edilemez hale gelmesi\u201d ve \u201ciki devletli \u00e7\u00f6z\u00fcm umudunun t\u00fckenmesi\u201d gerek\u00e7esiyle yap\u0131ld\u0131\u011f\u0131n\u0131 belirtti. Ayr\u0131ca, Filistin&#8217;in tan\u0131nmas\u0131n\u0131n uzun s\u00fcredir lideri oldu\u011fu \u0130\u015f\u00e7i Partisi\u2019nin politikas\u0131 oldu\u011funu ve h\u00fck\u00fcmetin bar\u0131\u015f plan\u0131n\u0131n bir par\u00e7as\u0131 olarak g\u00fcndemde yer ald\u0131\u011f\u0131n\u0131 ifade etti.<\/p><p>\u0130srail\u2019e en fazla destek veren \u00fclkeler aras\u0131nda yer alan bir devletin ba\u015fbakan\u0131 taraf\u0131ndan yap\u0131lan bu a\u00e7\u0131klama, birka\u00e7 y\u0131l \u00f6nce kimsenin akl\u0131na gelmezdi. Ancak \u0130srail\u2019i ka\u00e7\u0131n\u0131lmaz \u00e7\u00f6k\u00fc\u015fe s\u00fcr\u00fckleyen s\u0131n\u0131r tan\u0131mayan vah\u015fet ve soyk\u0131r\u0131m, art\u0131k en b\u00fcy\u00fck destek\u00e7ilerini bile onun sadece \u00e7\u00f6k\u00fc\u015f\u00fcn\u00fc uzaktan izleyen konumuna getirdi.<\/p><p>Filistin devletinin tan\u0131nmas\u0131 s\u00fcrecinde, yine \u0130srail\u2019in \u00f6nemli destek\u00e7ilerinden biri olan Kanada da benzer bir ad\u0131m att\u0131. Kanada Ba\u015fbakan\u0131 Mark Carney, \u00fclkesinin Birle\u015fmi\u015f Milletler\u2019de Filistin Devleti\u2019ni tan\u0131may\u0131 planlad\u0131\u011f\u0131n\u0131 a\u00e7\u0131klad\u0131. Carney, Cuma g\u00fcn\u00fc X hesab\u0131ndan yapt\u0131\u011f\u0131 a\u00e7\u0131klamada, \u201cKanada, \u0130srailliler ve Filistinliler i\u00e7in bar\u0131\u015f ve g\u00fcvenli\u011fi garanti eden iki devletli \u00e7\u00f6z\u00fcm\u00fc desteklemektedir\u201d ifadelerine yer verdi. Ayr\u0131ca, Ottawa&#8217;n\u0131n bu hedefi ilerletmek i\u00e7in t\u00fcm uluslararas\u0131 platformlarda aktif \u015fekilde \u00e7al\u0131\u015faca\u011f\u0131n\u0131 belirtti ve D\u0131\u015fi\u015fleri Bakan\u0131\u2019n\u0131n gelecek hafta New York\u2019ta d\u00fczenlenecek BM Y\u00fcksek D\u00fczeyli \u0130ki Devletli \u00c7\u00f6z\u00fcm Konferans\u0131\u2019na kat\u0131laca\u011f\u0131n\u0131 duyurdu.<\/p><p>Peki, bir zamanlar \u0130srail\u2019e sars\u0131lmaz destekleriyle bilinen bu devletler art\u0131k kendilerini kurtarma tela\u015f\u0131na d\u00fc\u015fm\u00fc\u015fken, \u0130srail\u2019in en b\u00fcy\u00fck destek\u00e7isi olan ABD\u2019nin bu geli\u015fmelere kar\u015f\u0131 tutumu nedir?<\/p><p>Bu sorunun cevab\u0131n\u0131 ararken g\u00f6r\u00fcyoruz ki, \u0130srail art\u0131k ABD i\u00e7in ciddi bir sorun haline gelmi\u015f durumda. \u0130srail, Ortado\u011fu\u2019da ABD\u2019nin isteklerini yerine getiren bir yap\u0131 olmaktan \u00e7\u0131k\u0131p, adeta kontrols\u00fcz bir bi\u00e7imde herkesle sava\u015fmak isteyen, kaos yaratan bir akt\u00f6re d\u00f6n\u00fc\u015fm\u00fc\u015f. ABD i\u00e7 kamuoyunda yap\u0131lan anketler de bu durumun fark edildi\u011fini g\u00f6steriyor. Bu ba\u011flamda, Haziran 2025\u2019te yap\u0131lan Quinnipiac anketine g\u00f6re Amerikal\u0131lar\u0131n yaln\u0131zca %37\u2019si \u0130srail\u2019e daha fazla sempati duyarken, %32\u2019si Filistinlileri desteklemekte, %31 ise karars\u0131z kalmaktad\u0131r. Mart ay\u0131nda bu oran %46 idi. Cumhuriyet\u00e7iler aras\u0131nda \u0130srail\u2019e destek %78\u2019den %64\u2019e gerilerken, Demokratlar aras\u0131nda bu oran sadece %12\u2019ye d\u00fc\u015fm\u00fc\u015f, Filistin\u2019e destek ise %60\u2019a y\u00fckselmi\u015ftir.<\/p><p>Benzer \u015fekilde, ge\u00e7ti\u011fimiz hafta ABD\u2019de yay\u0131n yapan Yahudilere ait \u00f6nemli bir haber ve analiz platformu olan <em>Jewish Insider<\/em>, Kongre binas\u0131ndaki Yahudi ve \u0130srail yanl\u0131s\u0131 \u00e7al\u0131\u015fanlar\u0131n giderek daha fazla yaln\u0131zla\u015ft\u0131\u011f\u0131n\u0131 bildirdi. Bir zamanlar ABD-\u0130srail ittifak\u0131n\u0131 kesin ve sorgusuz destekleyen ofislerde bile art\u0131k \u0130srail hakk\u0131nda konu\u015fulmaktan ka\u00e7\u0131n\u0131ld\u0131\u011f\u0131 ifade edildi. Bir Kongre \u00e7al\u0131\u015fan\u0131, mevcut ortam\u0131 \u201cd\u00fc\u015fmanca\u201d olarak nitelendirirken, uzun s\u00fcredir \u0130srail yanl\u0131s\u0131 olan isimlerin dahi geri \u00e7ekildi\u011fi bildiriliyor.<\/p><p>Kamuoyu, d\u0131\u015f politikay\u0131 etkiliyor. E\u011fer Kongre&#8217;deki \u0130srail savunucular\u0131 art\u0131k g\u00f6r\u00fc\u015flerini a\u00e7\u0131k\u00e7a dile getiremeyecek duruma gelmi\u015fse, \u00f6zellikle \u0130srail\u2019in en \u00e7ok deste\u011fe ihtiya\u00e7 duydu\u011fu d\u00f6nemde siyasi destek ciddi \u015fekilde zay\u0131flam\u0131\u015f demektir.<\/p><p>ABD-\u0130srail ittifak\u0131 art\u0131k garanti de\u011fil. Barack Obama d\u00f6neminde imzalanan ve 38 milyar dolarl\u0131k askeri yard\u0131m i\u00e7eren 10 y\u0131ll\u0131k Mutabakat Muht\u0131ras\u0131 (MOU) s\u00fcresinin dolmak \u00fczere oldu\u011fu bir d\u00f6nemde, ABD\u2019deki siyasi iklimin de ciddi bi\u00e7imde de\u011fi\u015fti\u011fi g\u00f6r\u00fcl\u00fcyor. CNN\u2019in yak\u0131n tarihli bir anketine g\u00f6re Amerikal\u0131lar\u0131n sadece %43\u2019\u00fc ABD\u2019nin k\u00fcresel \u00f6l\u00e7ekte \u00f6nc\u00fc rol oynamas\u0131 gerekti\u011fine inan\u0131yor. \u00d6zellikle ilerici kesimlerde \u0130srail art\u0131k demokratik bir m\u00fcttefik olarak de\u011fil, savunmay\u0131 ve yard\u0131m\u0131 hak etmeyen bir y\u00fck olarak g\u00f6r\u00fcl\u00fcyor.<\/p><p>Medya ve kamuoyu da h\u0131zla \u0130srail aleyhine d\u00f6n\u00fcyor. Art\u0131k medya sadece Yahudi lobisinin kontrol\u00fcnde de\u011fil. 7 Ekim sonras\u0131 ya\u015fanan geli\u015fmeleri objektif \u015fekilde aktaran k\u00fcresel medya kurulu\u015flar\u0131, \u0130srail\u2019in ger\u00e7ek y\u00fcz\u00fcn\u00fc d\u00fcnya halklar\u0131na ve ABD kamuoyuna g\u00f6stermeye devam ediyor. Bir zamanlar yaln\u0131zca akademik \u00e7evrelerde kullan\u0131lan &#8220;yerle\u015fimci s\u00f6m\u00fcrgecilik&#8221;, &#8220;soyk\u0131r\u0131mc\u0131&#8221;, &#8220;ter\u00f6r devleti&#8221; ve &#8220;apartheid&#8221; gibi terimler, art\u0131k sosyal medyada ve hatta Kongre\u2019de bile yayg\u0131n bir \u015feklide kullan\u0131l\u0131yor.<\/p><p>\u0130srail, ABD kamuoyundaki olumsuz imaj\u0131n\u0131 d\u00fczeltmek i\u00e7in sosyal medya fenomenlerini kullanarak bir propaganda kampanyas\u0131 ba\u015flatm\u0131\u015ft\u0131r. \u00d6zellikle gen\u00e7 Amerikal\u0131lar aras\u0131nda deste\u011fi yeniden kazanmak amac\u0131yla, \u0130srail D\u0131\u015fi\u015fleri Bakanl\u0131\u011f\u0131 MAGA (Make America Great Again) hareketine ba\u011fl\u0131, milyonlarca takip\u00e7isi olan 16 sosyal medya fenomenini \u0130srail\u2019e davet etti. <em>Consortium News<\/em>\u2019e g\u00f6re, bu ki\u015filerin ziyaret masraflar\u0131 ve propaganda e\u011fitimleri i\u00e7in 86 bin dolarl\u0131k b\u00fct\u00e7e ayr\u0131ld\u0131. Bu ziyaretin temel amac\u0131, s\u00f6z konusu fenomenlerin \u00e7evrimi\u00e7i etkilerini kullanarak \u0130srail\u2019e daha olumlu bir imaj kazand\u0131rmak oldu\u011fu belirtiliyor.<\/p><p>Neticede, 7 Ekim 2023 sonras\u0131 ortaya \u00e7\u0131kan geli\u015fmeler, sadece \u0130srail\u2019in Filistin\u2019e y\u00f6nelik vah\u015fi sald\u0131r\u0131lar\u0131n\u0131 ve uluslararas\u0131 hukuku hi\u00e7e sayan uygulamalar\u0131n\u0131 de\u011fil, ayn\u0131 zamanda k\u00fcresel siyasette derin bir k\u0131r\u0131lmay\u0131 da ortaya koyuyor. Uzun y\u0131llard\u0131r \u0130srail\u2019e ko\u015fulsuz destek veren Bat\u0131l\u0131 \u00fclkeler bile art\u0131k geri ad\u0131m atarken, Filistin devletini tan\u0131ma y\u00f6n\u00fcnde somut ad\u0131mlar at\u0131yor. Fransa, \u0130ngiltere ve Kanada gibi \u00fclkelerin \u0130srail\u2019i yaln\u0131z b\u0131rakma e\u011filimi, Tel Aviv y\u00f6netiminin i\u00e7te ve d\u0131\u015fta nas\u0131l h\u0131zla me\u015fruiyet kaybetti\u011fini g\u00f6steriyor. ABD&#8217;de ise hem kamuoyu hem de siyasi elit d\u00fczeyinde destek eriyor, \u0130srail\u2019in k\u00fcresel sistemdeki dokunulmaz konumu art\u0131k sorgulan\u0131yor. Medyada, akademide ve toplumsal bilin\u00e7te \u201csoyk\u0131r\u0131m\u201d, \u201cter\u00f6r devleti\u201d, \u201capartheid rejimi\u201d gibi kavramlarla an\u0131lan bir \u0130srail, yaln\u0131zla\u015f\u0131yor ve \u00e7\u00f6k\u00fc\u015f s\u00fcrecine h\u0131zla yakla\u015f\u0131yor. T\u00fcm bu geli\u015fmeler b\u00fct\u00fcnc\u00fcl olarak ele al\u0131nd\u0131\u011f\u0131nda, \u0130srail\u2019in nas\u0131l b\u00fcy\u00fck bir felakete s\u00fcr\u00fcklendi\u011fini daha net g\u00f6rmek m\u00fcmk\u00fcnd\u00fcr.<\/p><p>\u00a0<\/p>\t\t\t\t\t\t\t\t<\/div>\n\t\t\t\t<\/div>\n\t\t\t\t\t<\/div>\n\t\t\t\t<\/div>\n\t\t\t\t<\/div>\n\t\t","protected":false},"excerpt":{"rendered":"<p>Bug\u00fcn d\u00fcnyam\u0131z \u00e7ok \u00f6nemli g\u00fcnlerden ge\u00e7iyor. Suriye\u2019den Tahran\u2019a, Kabil\u2019den \u0130slamabad\u2019a, Banglade\u015f\u2019ten Afrika\u2019ya ve \u0130stanbul\u2019dan Gazze\u2019ye kadar bir\u00e7ok b\u00f6lgede d\u00fcnya d\u00fczeninin kaderini belirleyecek geli\u015fmelere tan\u0131kl\u0131k ediliyor. Ancak bunlar\u0131n en \u00f6nemli odak noktas\u0131 Gazze\u2019dir. 7 Ekim 2023\u2019te Aksa Tufan\u0131 ile ba\u015flayan olaylar, d\u00fcnya \u00e7ap\u0131nda yaln\u0131zca Filistin halk\u0131n\u0131n hakl\u0131 davas\u0131n\u0131 g\u00f6r\u00fcn\u00fcr k\u0131lmakla kalmad\u0131; ayn\u0131 zamanda soyk\u0131r\u0131mc\u0131 \u0130srail\u2019in ger\u00e7ek&#8230;<\/p>\n","protected":false},"author":2,"featured_media":1509,"comment_status":"open","ping_status":"open","sticky":false,"template":"","format":"standard","meta":{"footnotes":""},"categories":[70],"tags":[],"_links":{"self":[{"href":"https:\/\/afgrc.com\/index.php\/wp-json\/wp\/v2\/posts\/1508"}],"collection":[{"href":"https:\/\/afgrc.com\/index.php\/wp-json\/wp\/v2\/posts"}],"about":[{"href":"https:\/\/afgrc.com\/index.php\/wp-json\/wp\/v2\/types\/post"}],"author":[{"embeddable":true,"href":"https:\/\/afgrc.com\/index.php\/wp-json\/wp\/v2\/users\/2"}],"replies":[{"embeddable":true,"href":"https:\/\/afgrc.com\/index.php\/wp-json\/wp\/v2\/comments?post=1508"}],"version-history":[{"count":4,"href":"https:\/\/afgrc.com\/index.php\/wp-json\/wp\/v2\/posts\/1508\/revisions"}],"predecessor-version":[{"id":1513,"href":"https:\/\/afgrc.com\/index.php\/wp-json\/wp\/v2\/posts\/1508\/revisions\/1513"}],"wp:featuredmedia":[{"embeddable":true,"href":"https:\/\/afgrc.com\/index.php\/wp-json\/wp\/v2\/media\/1509"}],"wp:attachment":[{"href":"https:\/\/afgrc.com\/index.php\/wp-json\/wp\/v2\/media?parent=1508"}],"wp:term":[{"taxonomy":"category","embeddable":true,"href":"https:\/\/afgrc.com\/index.php\/wp-json\/wp\/v2\/categories?post=1508"},{"taxonomy":"post_tag","embeddable":true,"href":"https:\/\/afgrc.com\/index.php\/wp-json\/wp\/v2\/tags?post=1508"}],"curies":[{"name":"wp","href":"https:\/\/api.w.org\/{rel}","templated":true}]}}