{"id":1547,"date":"2025-09-01T12:08:06","date_gmt":"2025-09-01T12:08:06","guid":{"rendered":"https:\/\/afgrc.com\/?p=1547"},"modified":"2025-09-01T12:08:55","modified_gmt":"2025-09-01T12:08:55","slug":"afganistanda-meydana-gelen-6-buyuklugundeki-depremde-600den-fazla-kisi-hayatini-kaybetti","status":"publish","type":"post","link":"https:\/\/afgrc.com\/index.php\/tr\/2025\/09\/01\/afganistanda-meydana-gelen-6-buyuklugundeki-depremde-600den-fazla-kisi-hayatini-kaybetti\/","title":{"rendered":"Afganistan\u2019da Meydana Gelen 6 B\u00fcy\u00fckl\u00fc\u011f\u00fcndeki Depremde 600\u2019den Fazla Ki\u015fi Hayat\u0131n\u0131 Kaybetti"},"content":{"rendered":"\t\t<div data-elementor-type=\"wp-post\" data-elementor-id=\"1547\" class=\"elementor elementor-1547\">\n\t\t\t\t<div class=\"elementor-element elementor-element-4eae2ba e-flex e-con-boxed e-con e-parent\" data-id=\"4eae2ba\" data-element_type=\"container\">\n\t\t\t\t\t<div class=\"e-con-inner\">\n\t\t\t\t<div class=\"elementor-element elementor-element-0b42635 elementor-widget elementor-widget-text-editor\" data-id=\"0b42635\" data-element_type=\"widget\" data-widget_type=\"text-editor.default\">\n\t\t\t\t<div class=\"elementor-widget-container\">\n\t\t\t\t\t\t\t\t\t<p><em>Afganistan \u0130\u00e7i\u015fleri Bakanl\u0131\u011f\u0131 S\u00f6zc\u00fcs\u00fc, depremde en az 622 ki\u015finin hayat\u0131n\u0131 kaybetti\u011fini ve 1300\u2019den fazla ki\u015finin yaraland\u0131\u011f\u0131n\u0131 a\u00e7\u0131klad\u0131.<\/em><\/p><p><strong><em>\u00a0<\/em><\/strong>Afganistan\u2019\u0131n do\u011fusundaki Kunar vilayetinde meydana gelen 6 b\u00fcy\u00fckl\u00fc\u011f\u00fcndeki deprem b\u00fcy\u00fck y\u0131k\u0131ma yol a\u00e7t\u0131. Afganistan \u0130\u00e7i\u015fleri Bakanl\u0131\u011f\u0131 S\u00f6zc\u00fcs\u00fc, depremde en az 622 ki\u015finin hayat\u0131n\u0131 kaybetti\u011fini ve 1300\u2019den fazla ki\u015finin yaraland\u0131\u011f\u0131n\u0131 a\u00e7\u0131klad\u0131. Yetkililer, can kay\u0131plar\u0131n\u0131n artmas\u0131ndan endi\u015fe ediyor.<\/p><p><strong>Zor Co\u011frafya Kurtarma \u00c7al\u0131\u015fmalar\u0131n\u0131 Engelliyor<\/strong><\/p><p>Depremin merkez \u00fcss\u00fcn\u00fcn da\u011fl\u0131k ve ula\u015f\u0131m\u0131 zor bir b\u00f6lgede bulunmas\u0131, arama kurtarma faaliyetlerini g\u00fc\u00e7le\u015ftiriyor. Baz\u0131 k\u00f6ylerin tamamen y\u0131k\u0131ld\u0131\u011f\u0131, di\u011ferlerinde ise a\u011f\u0131r hasar meydana geldi\u011fi bildirildi. Yaral\u0131lar\u0131n bir k\u0131sm\u0131 enkaz alt\u0131ndan \u00e7\u0131kar\u0131l\u0131rken, \u00e7ok say\u0131da ki\u015fi hava yoluyla b\u00f6lgeden tahliye edildi.<\/p><p>Kunar Polis \u015eefi, da\u011fl\u0131k b\u00f6lgelerdeki yollar\u0131n \u00e7\u00f6kt\u00fc\u011f\u00fcn\u00fc ve yard\u0131m faaliyetlerinin yaln\u0131zca helikopterlerle y\u00fcr\u00fct\u00fclebildi\u011fini s\u00f6yledi. Taliban y\u00f6netimi, k\u0131s\u0131tl\u0131 imk\u00e2nlar nedeniyle uluslararas\u0131 topluma yard\u0131m \u00e7a\u011fr\u0131s\u0131nda bulundu.<\/p><p><strong>Taliban S\u00f6zc\u00fcs\u00fcnden A\u00e7\u0131klama<\/strong><\/p><p>Taliban h\u00fck\u00fcmeti s\u00f6zc\u00fcs\u00fc Zabihullah M\u00fccahid, sosyal medya platformu X \u00fczerinden yapt\u0131\u011f\u0131 a\u00e7\u0131klamada, \u201cMakamlar ve halk, yaral\u0131lar\u0131 kurtarmak i\u00e7in t\u00fcm g\u00fc\u00e7leriyle \u00e7al\u0131\u015f\u0131yor. Merkezden ve \u00e7evre vilayetlerden g\u00f6nderilen ekipler b\u00f6lgeye do\u011fru yola \u00e7\u0131kt\u0131. Hayat kurtarmak i\u00e7in mevcut t\u00fcm kaynaklar kullan\u0131lacak\u201d ifadelerini kulland\u0131.<\/p><p><strong>ABD Jeoloji Ara\u015ft\u0131rmalar\u0131 Merkezi Verileri<\/strong><\/p><p>ABD Jeoloji Ara\u015ft\u0131rmalar\u0131 Merkezi (USGS), depremin merkez \u00fcss\u00fcn\u00fcn Nangarhar vilayetindeki Celalabad kenti yak\u0131nlar\u0131nda, Bit Saul k\u00f6y\u00fcn\u00fcn 35 kilometre kuzeyinde ve yerin 10 kilometre derinli\u011finde kaydedildi\u011fini duyurdu. Deprem, pazar gecesi saat 23.47\u2019de meydana geldi.<\/p><p>Yakla\u015f\u0131k 20 dakika sonra 4,5 b\u00fcy\u00fckl\u00fc\u011f\u00fcnde bir art\u00e7\u0131 sars\u0131nt\u0131 daha ya\u015fand\u0131. En b\u00fcy\u00fck y\u0131k\u0131m\u0131n Kunar vilayetinin Mazar Vadisi ve Nurgal il\u00e7esinde oldu\u011fu bildirildi.<\/p><p><strong>\u00d6nceki Felaketler Hat\u0131rlat\u0131ld\u0131<\/strong><\/p><p>Afganistan, Avrasya ve Hindistan levhalar\u0131n\u0131n kesi\u015fim noktas\u0131nda bulundu\u011fu i\u00e7in s\u0131k s\u0131k \u015fiddetli depremlerle sars\u0131l\u0131yor.<\/p><p>Ekim 2023\u2019te 6,3 b\u00fcy\u00fckl\u00fc\u011f\u00fcndeki deprem bat\u0131 b\u00f6lgelerini vurmu\u015f, Taliban \u00f6l\u00fc say\u0131s\u0131n\u0131 4 bin, BM ise 1500 olarak a\u00e7\u0131klam\u0131\u015ft\u0131.<\/p><p>Haziran 2022\u2019de 5,9 b\u00fcy\u00fckl\u00fc\u011f\u00fcnde bir depremde 1000\u2019den fazla ki\u015fi \u00f6lm\u00fc\u015f, 1500\u2019den fazlas\u0131 yaralanm\u0131\u015ft\u0131.<\/p><p>Son felaket, Afganistan\u2019da son y\u0131llar\u0131n en a\u011f\u0131r do\u011fal afetlerinden biri olarak kayda ge\u00e7ti.<\/p>\t\t\t\t\t\t\t\t<\/div>\n\t\t\t\t<\/div>\n\t\t\t\t\t<\/div>\n\t\t\t\t<\/div>\n\t\t\t\t<\/div>\n\t\t","protected":false},"excerpt":{"rendered":"<p>Afganistan \u0130\u00e7i\u015fleri Bakanl\u0131\u011f\u0131 S\u00f6zc\u00fcs\u00fc, depremde en az 622 ki\u015finin hayat\u0131n\u0131 kaybetti\u011fini ve 1300\u2019den fazla ki\u015finin yaraland\u0131\u011f\u0131n\u0131 a\u00e7\u0131klad\u0131. \u00a0Afganistan\u2019\u0131n do\u011fusundaki Kunar vilayetinde meydana gelen 6 b\u00fcy\u00fckl\u00fc\u011f\u00fcndeki deprem b\u00fcy\u00fck y\u0131k\u0131ma yol a\u00e7t\u0131. Afganistan \u0130\u00e7i\u015fleri Bakanl\u0131\u011f\u0131 S\u00f6zc\u00fcs\u00fc, depremde en az 622 ki\u015finin hayat\u0131n\u0131 kaybetti\u011fini ve 1300\u2019den fazla ki\u015finin yaraland\u0131\u011f\u0131n\u0131 a\u00e7\u0131klad\u0131. Yetkililer, can kay\u0131plar\u0131n\u0131n artmas\u0131ndan endi\u015fe ediyor. Zor Co\u011frafya&#8230;<\/p>\n","protected":false},"author":2,"featured_media":1546,"comment_status":"open","ping_status":"open","sticky":false,"template":"","format":"standard","meta":{"footnotes":""},"categories":[70],"tags":[],"_links":{"self":[{"href":"https:\/\/afgrc.com\/index.php\/wp-json\/wp\/v2\/posts\/1547"}],"collection":[{"href":"https:\/\/afgrc.com\/index.php\/wp-json\/wp\/v2\/posts"}],"about":[{"href":"https:\/\/afgrc.com\/index.php\/wp-json\/wp\/v2\/types\/post"}],"author":[{"embeddable":true,"href":"https:\/\/afgrc.com\/index.php\/wp-json\/wp\/v2\/users\/2"}],"replies":[{"embeddable":true,"href":"https:\/\/afgrc.com\/index.php\/wp-json\/wp\/v2\/comments?post=1547"}],"version-history":[{"count":4,"href":"https:\/\/afgrc.com\/index.php\/wp-json\/wp\/v2\/posts\/1547\/revisions"}],"predecessor-version":[{"id":1551,"href":"https:\/\/afgrc.com\/index.php\/wp-json\/wp\/v2\/posts\/1547\/revisions\/1551"}],"wp:featuredmedia":[{"embeddable":true,"href":"https:\/\/afgrc.com\/index.php\/wp-json\/wp\/v2\/media\/1546"}],"wp:attachment":[{"href":"https:\/\/afgrc.com\/index.php\/wp-json\/wp\/v2\/media?parent=1547"}],"wp:term":[{"taxonomy":"category","embeddable":true,"href":"https:\/\/afgrc.com\/index.php\/wp-json\/wp\/v2\/categories?post=1547"},{"taxonomy":"post_tag","embeddable":true,"href":"https:\/\/afgrc.com\/index.php\/wp-json\/wp\/v2\/tags?post=1547"}],"curies":[{"name":"wp","href":"https:\/\/api.w.org\/{rel}","templated":true}]}}