{"id":1575,"date":"2025-09-16T17:00:00","date_gmt":"2025-09-16T17:00:00","guid":{"rendered":"https:\/\/afgrc.com\/?p=1575"},"modified":"2025-09-16T17:00:35","modified_gmt":"2025-09-16T17:00:35","slug":"afganistandaki-depremzedeler-icin-yardim-ve-dayanisma-cagrisi","status":"publish","type":"post","link":"https:\/\/afgrc.com\/index.php\/tr\/2025\/09\/16\/afganistandaki-depremzedeler-icin-yardim-ve-dayanisma-cagrisi\/","title":{"rendered":"Afganistan\u2019daki Depremzedeler i\u00e7in Yard\u0131m ve Dayan\u0131\u015fma \u00c7a\u011fr\u0131s\u0131"},"content":{"rendered":"\t\t<div data-elementor-type=\"wp-post\" data-elementor-id=\"1575\" class=\"elementor elementor-1575\">\n\t\t\t\t<div class=\"elementor-element elementor-element-fc8c0b9 e-flex e-con-boxed e-con e-parent\" data-id=\"fc8c0b9\" data-element_type=\"container\">\n\t\t\t\t\t<div class=\"e-con-inner\">\n\t\t\t\t<div class=\"elementor-element elementor-element-97ae037 elementor-widget elementor-widget-text-editor\" data-id=\"97ae037\" data-element_type=\"widget\" data-widget_type=\"text-editor.default\">\n\t\t\t\t<div class=\"elementor-widget-container\">\n\t\t\t\t\t\t\t\t\t<p>1 Eyl\u00fcl\u2019de Afganistan\u2019\u0131n Kunar, Nangarhar ve Lagman vilayetlerinde meydana gelen y\u0131k\u0131c\u0131 depremler, binlerce karde\u015fimizi derinden etkilemi\u015ftir. Bu felakette 2 bin 500 ki\u015fi hayat\u0131n\u0131 kaybetmi\u015f, binlerce ki\u015fi yaralanm\u0131\u015f ve yakla\u015f\u0131k 8 bin ev y\u0131k\u0131lm\u0131\u015ft\u0131r.<\/p><p>Bizler T\u00fcrkiye\u2019de bulunan Afganistan diasporas\u0131 olarak, bu zor g\u00fcnlerde depremzede karde\u015flerimizin yan\u0131nda olmay\u0131 insani ve vicdani bir sorumluluk biliyoruz. Bu do\u011frultuda, Afganistan \u00d6\u011frenciler \u015euras\u0131, Afganistan Ara\u015ft\u0131rmalar\u0131 ve \u00c7al\u0131\u015fmalar\u0131 Merkezi ve Erguvan G\u00f6\u00e7menlerin Entegrasyonu Derne\u011fi \u00f6nc\u00fcl\u00fc\u011f\u00fcnde bir yard\u0131m kampanyas\u0131 ba\u015flatt\u0131k.<\/p><p>Toplanan yard\u0131mlar, T\u00fcrkiye\u2019de ve yurt d\u0131\u015f\u0131nda faaliyet g\u00f6steren \u0130HH \u0130nsani Yard\u0131m Vakf\u0131 i\u015fbirli\u011fi ile en k\u0131sa s\u00fcrede b\u00f6lgeye ula\u015ft\u0131r\u0131lacak ve depremzede karde\u015flerimizin acil ihtiya\u00e7lar\u0131na g\u00f6re kendilerine teslim edilecektir.<\/p><p>Bu yard\u0131m kampanyas\u0131 yaln\u0131zca maddi destekten ibaret de\u011fildir; ayn\u0131 zamanda zor g\u00fcnlerde karde\u015flik, merhamet ve dayan\u0131\u015fman\u0131n bir ni\u015fanesidir. Siz de\u011ferli karde\u015flerimizi de bu iyilik seferberli\u011fine kat\u0131lmaya, imkanlar\u0131m\u0131z\u0131 payla\u015farak yaralar\u0131 birlikte sarmaya davet ediyoruz.<\/p><p>Unutmayal\u0131m ki bug\u00fcn bizlerin k\u00fc\u00e7\u00fck bir katk\u0131s\u0131, depremzede bir ailenin umudu ve hayata tutunma vesilesi olabilir.<\/p><p>\ud83d\udccc Ba\u011f\u0131\u015flar\u0131n\u0131z i\u00e7in:<br \/>\u0130nsan Hak ve H\u00fcrriyetleri ve \u0130nsani Yard\u0131m Vakf\u0131<\/p><p>\ud83d\udccd T\u00fcrk Liras\u0131 (\u20ba) Ba\u011f\u0131\u015f Hesab\u0131<br \/>IBAN: TR12 0020 3000 0028 7839 0778 75<br \/>A\u00e7\u0131klama: Afganistan Deprem<\/p><p>\ud83d\udccd Amerikan Dolar\u0131 (USD) Ba\u011f\u0131\u015f Hesab\u0131<br \/>IBAN: TR52 0020 3000 0028 7839 0778 76<br \/>A\u00e7\u0131klama: Afghanistan Earthquake<\/p><p>\ud83d\udccdAvro (EUR) Ba\u011f\u0131\u015f Hesab\u0131<br \/>IBAN: TR55 0020 3000 0028 7839 0778 77<br \/>A\u00e7\u0131klama: Afghanistan Earthquake<\/p>\t\t\t\t\t\t\t\t<\/div>\n\t\t\t\t<\/div>\n\t\t\t\t\t<\/div>\n\t\t\t\t<\/div>\n\t\t\t\t<\/div>\n\t\t","protected":false},"excerpt":{"rendered":"<p>1 Eyl\u00fcl\u2019de Afganistan\u2019\u0131n Kunar, Nangarhar ve Lagman vilayetlerinde meydana gelen y\u0131k\u0131c\u0131 depremler, binlerce karde\u015fimizi derinden etkilemi\u015ftir. Bu felakette 2 bin 500 ki\u015fi hayat\u0131n\u0131 kaybetmi\u015f, binlerce ki\u015fi yaralanm\u0131\u015f ve yakla\u015f\u0131k 8 bin ev y\u0131k\u0131lm\u0131\u015ft\u0131r. Bizler T\u00fcrkiye\u2019de bulunan Afganistan diasporas\u0131 olarak, bu zor g\u00fcnlerde depremzede karde\u015flerimizin yan\u0131nda olmay\u0131 insani ve vicdani bir sorumluluk biliyoruz. Bu do\u011frultuda, Afganistan&#8230;<\/p>\n","protected":false},"author":2,"featured_media":1576,"comment_status":"open","ping_status":"open","sticky":false,"template":"","format":"standard","meta":{"footnotes":""},"categories":[135],"tags":[],"_links":{"self":[{"href":"https:\/\/afgrc.com\/index.php\/wp-json\/wp\/v2\/posts\/1575"}],"collection":[{"href":"https:\/\/afgrc.com\/index.php\/wp-json\/wp\/v2\/posts"}],"about":[{"href":"https:\/\/afgrc.com\/index.php\/wp-json\/wp\/v2\/types\/post"}],"author":[{"embeddable":true,"href":"https:\/\/afgrc.com\/index.php\/wp-json\/wp\/v2\/users\/2"}],"replies":[{"embeddable":true,"href":"https:\/\/afgrc.com\/index.php\/wp-json\/wp\/v2\/comments?post=1575"}],"version-history":[{"count":4,"href":"https:\/\/afgrc.com\/index.php\/wp-json\/wp\/v2\/posts\/1575\/revisions"}],"predecessor-version":[{"id":1580,"href":"https:\/\/afgrc.com\/index.php\/wp-json\/wp\/v2\/posts\/1575\/revisions\/1580"}],"wp:featuredmedia":[{"embeddable":true,"href":"https:\/\/afgrc.com\/index.php\/wp-json\/wp\/v2\/media\/1576"}],"wp:attachment":[{"href":"https:\/\/afgrc.com\/index.php\/wp-json\/wp\/v2\/media?parent=1575"}],"wp:term":[{"taxonomy":"category","embeddable":true,"href":"https:\/\/afgrc.com\/index.php\/wp-json\/wp\/v2\/categories?post=1575"},{"taxonomy":"post_tag","embeddable":true,"href":"https:\/\/afgrc.com\/index.php\/wp-json\/wp\/v2\/tags?post=1575"}],"curies":[{"name":"wp","href":"https:\/\/api.w.org\/{rel}","templated":true}]}}