{"id":1645,"date":"2026-02-04T15:33:48","date_gmt":"2026-02-04T15:33:48","guid":{"rendered":"https:\/\/afgrc.com\/?p=1645"},"modified":"2026-02-04T15:33:49","modified_gmt":"2026-02-04T15:33:49","slug":"epstein-belgelerinde-afganistan-detayi-afganistandaki-cocuklarin-asilariyla-neden-bu-kadar-ilgilendi","status":"publish","type":"post","link":"https:\/\/afgrc.com\/index.php\/tr\/2026\/02\/04\/epstein-belgelerinde-afganistan-detayi-afganistandaki-cocuklarin-asilariyla-neden-bu-kadar-ilgilendi\/","title":{"rendered":"Epstein Belgelerinde Afganistan Detay\u0131: Afganistan\u2019daki \u00c7ocuklar\u0131n A\u015f\u0131lar\u0131yla Neden Bu Kadar \u0130lgilendi?"},"content":{"rendered":"\n<p><em>ABD\u2019de cinsel istismar ve insan ticareti su\u00e7lamalar\u0131yla yarg\u0131lan\u0131rken hapiste \u00f6len Jeffrey Epstein\u2019a ait yeni belgelerde, Afganistan\u2019da \u00e7ocuk felci (polio) ile m\u00fccadele s\u00fcrecine ili\u015fkin kritik e-posta yaz\u0131\u015fmalar\u0131 kamuoyuna yans\u0131d\u0131.<\/em><\/p>\n\n\n\n<p>ABD Adalet Bakanl\u0131\u011f\u0131, cinsel sald\u0131r\u0131 su\u00e7lar\u0131ndan h\u00fck\u00fcm giymi\u015f Jeffrey Epstein\u2019e ili\u015fkin milyonlarca yeni belgeyi kamuoyuyla payla\u015ft\u0131. Yeni yay\u0131mlanan belgelerde, kimsenin akl\u0131na gelmeyecek \u015fekilde Afganistan\u2019a dair \u00f6nemli ayr\u0131nt\u0131lar\u0131n yer almas\u0131 dikkat \u00e7ekti. Dosyalarda Afganistan hakk\u0131nda bini a\u015fk\u0131n belge, makale ve haber analizinin bulunmas\u0131n\u0131n yan\u0131 s\u0131ra, Afganistan isminin do\u011frudan Epstein maillerinde ge\u00e7mesi de \u00f6ne \u00e7\u0131kan unsurlar aras\u0131nda yer ald\u0131.<\/p>\n\n\n\n<p>Yay\u0131nlanan belgelerde yer alan bir mailde 25 Ocak 2014 tarihli bir e-postada, Afganistan\u2019\u0131n Helmand vilayetinde bir polio a\u015f\u0131 g\u00f6revlisinin silahl\u0131 sald\u0131r\u0131 sonucu \u00f6ld\u00fcr\u00fclmesine ili\u015fkin haberin Epstein\u2019e iletildi\u011fi g\u00f6r\u00fcl\u00fcyor. Mesajda, Pakistan\u2019da uygulanan benzer bir yakla\u015f\u0131m\u0131n ard\u0131ndan Afganistan\u2019da da ayn\u0131 s\u00fcrecin ba\u015flad\u0131\u011f\u0131 belirtilirken, sald\u0131r\u0131n\u0131n m\u00fcnferit bir olay olarak kalmas\u0131 temennisine yer veriliyor.<\/p>\n\n\n\n<figure class=\"wp-block-image size-large\"><img fetchpriority=\"high\" decoding=\"async\" width=\"1024\" height=\"1024\" src=\"https:\/\/afgrc.com\/wp-content\/uploads\/2026\/02\/image-1024x1024.png\" alt=\"\" class=\"wp-image-1647\" srcset=\"https:\/\/afgrc.com\/wp-content\/uploads\/2026\/02\/image-1024x1024.png 1024w, https:\/\/afgrc.com\/wp-content\/uploads\/2026\/02\/image-300x300.png 300w, https:\/\/afgrc.com\/wp-content\/uploads\/2026\/02\/image-150x150.png 150w, https:\/\/afgrc.com\/wp-content\/uploads\/2026\/02\/image-1536x1536.png 1536w, https:\/\/afgrc.com\/wp-content\/uploads\/2026\/02\/image-2048x2048.png 2048w\" sizes=\"(max-width: 1024px) 100vw, 1024px\" \/><\/figure>\n\n\n\n<p>9 Haziran 2013 tarihli ba\u015fka bir yaz\u0131\u015fmada ise, Afganistan\u2019\u0131n eski Cumhurba\u015fkan\u0131 Hamid Karzai ile yap\u0131lan bir telefon g\u00f6r\u00fc\u015fmesine a\u00e7\u0131k \u015fekilde at\u0131f yap\u0131l\u0131yor. \u201cBG spoke on telephone to Prez Karzai of Afghanistan\u201d ba\u015fl\u0131\u011f\u0131yla iletilen e-postada, Afganistan\u2019da polio eradikasyonu konusunda bir g\u00f6r\u00fc\u015fmenin ger\u00e7ekle\u015ftirildi\u011fi ifade ediliyor. Ayn\u0131 mesajda, Pakistan i\u00e7in de benzer bir plan\u0131n g\u00fcndemde olabilece\u011fi, ancak bunun d\u00f6nemin yeni ba\u015fbakan\u0131 \u00fczerinden de\u011fil, eski kriket\u00e7i ve siyaset\u00e7i Imran Khan \u00fczerinden y\u00fcr\u00fct\u00fclm\u00fc\u015f olabilece\u011fi de\u011ferlendirmesi yer al\u0131yor.<\/p>\n\n\n\n<figure class=\"wp-block-image size-large\"><img decoding=\"async\" width=\"1024\" height=\"1024\" src=\"https:\/\/afgrc.com\/wp-content\/uploads\/2026\/02\/image-1-1024x1024.png\" alt=\"\" class=\"wp-image-1648\" srcset=\"https:\/\/afgrc.com\/wp-content\/uploads\/2026\/02\/image-1-1024x1024.png 1024w, https:\/\/afgrc.com\/wp-content\/uploads\/2026\/02\/image-1-300x300.png 300w, https:\/\/afgrc.com\/wp-content\/uploads\/2026\/02\/image-1-150x150.png 150w, https:\/\/afgrc.com\/wp-content\/uploads\/2026\/02\/image-1-1536x1536.png 1536w, https:\/\/afgrc.com\/wp-content\/uploads\/2026\/02\/image-1-2048x2048.png 2048w\" sizes=\"(max-width: 1024px) 100vw, 1024px\" \/><\/figure>\n\n\n\n<p>Yaz\u0131\u015fmalarda ayr\u0131ca Epstein\u2019in, Norve\u00e7li diplomat Terje R\u00f8d-Larsen ile temas halinde oldu\u011fu g\u00f6r\u00fcl\u00fcyor. Epstein\u2019in g\u00f6nderdi\u011fi k\u0131sa bir mesajda \u201cbg will send 5 million to start\u201d ifadesiyle polio \u00e7al\u0131\u015fmalar\u0131 kapsam\u0131nda 5 milyon dolarl\u0131k bir ba\u015flang\u0131\u00e7 fonunun aktar\u0131laca\u011f\u0131na dair not d\u00fc\u015ft\u00fc\u011f\u00fc dikkat \u00e7ekiyor. Ancak bu fonun hangi kurum ad\u0131na veya hangi kaynak \u00fczerinden g\u00f6nderilece\u011fine dair ayr\u0131nt\u0131lar belgelerde a\u00e7\u0131k\u00e7a belirtilmiyor.<\/p>\n\n\n\n<p><strong>Epstein\u2019in Maille\u015fti\u011fi Terje R\u00f8d-Larsen Kimdir?<\/strong><\/p>\n\n\n\n<p>Jeffrey Epstein dosyalar\u0131nda ortaya \u00e7\u0131kan e-posta yaz\u0131\u015fmalar\u0131nda ad\u0131 ge\u00e7en <strong>Terje R\u00f8d-Larsen<\/strong>, Norve\u00e7 diplomasi tarihinin en tan\u0131nm\u0131\u015f isimlerinden biri olarak biliniyor. R\u00f8d-Larsen, \u00f6zellikle 1990\u2019l\u0131 y\u0131llarda \u0130srail ile Filistin Kurtulu\u015f \u00d6rg\u00fct\u00fc (FK\u00d6) aras\u0131nda y\u00fcr\u00fct\u00fclen ve 1993 Oslo Anla\u015fmas\u0131\u2019na giden gizli m\u00fczakerelerdeki kilit rol\u00fcyle uluslararas\u0131 alanda \u00fcn kazand\u0131.<\/p>\n\n\n\n<p><strong>Akademik K\u00f6ken ve FAFO D\u00f6nemi<\/strong><\/p>\n\n\n\n<p>22 Kas\u0131m 1947\u2019de Norve\u00e7\u2019in Bergen kentinde do\u011fan R\u00f8d-Larsen, Oslo \u00dcniversitesi\u2019nde sosyoloji e\u011fitimi ald\u0131 ve 1976 y\u0131l\u0131nda y\u00fcksek lisans derecesini tamamlad\u0131. 1982 y\u0131l\u0131nda Norve\u00e7 merkezli ara\u015ft\u0131rma kurulu\u015fu FAFO\u2019yu (Fagbevegelsens Forskningsstiftelse) kurarak uzun s\u00fcre y\u00f6netti. Bu d\u00f6nemde Filistin topraklar\u0131nda y\u00fcr\u00fct\u00fclen sosyal ve ekonomik ya\u015fam ara\u015ft\u0131rmalar\u0131, ilerleyen y\u0131llarda Oslo s\u00fcrecinin altyap\u0131s\u0131n\u0131 olu\u015fturan temas a\u011flar\u0131n\u0131n kurulmas\u0131nda etkili oldu.<\/p>\n\n\n\n<p><strong>Oslo S\u00fcreci ve Uluslararas\u0131 Tan\u0131n\u0131rl\u0131k<\/strong><\/p>\n\n\n\n<p>1990\u2019lar\u0131n ba\u015f\u0131nda Norve\u00e7 D\u0131\u015fi\u015fleri Bakanl\u0131\u011f\u0131 ad\u0131na \u0130srail ve FK\u00d6 aras\u0131nda y\u00fcr\u00fct\u00fclen gizli g\u00f6r\u00fc\u015fmelerin kolayla\u015ft\u0131r\u0131c\u0131l\u0131\u011f\u0131n\u0131 \u00fcstlenen R\u00f8d-Larsen, e\u015fi Mona Juul ile birlikte \u201cOslo Kanal\u0131\u201d olarak bilinen diplomatik s\u00fcrecin mimarlar\u0131 aras\u0131nda yer ald\u0131. Bu s\u00fcre\u00e7, 1993 y\u0131l\u0131nda ABD\u2019de Beyaz Saray\u2019da ger\u00e7ekle\u015fen ve \u0130srail Ba\u015fbakan\u0131 Yitzhak Rabin ile Filistin lideri Yaser Arafat\u2019\u0131n el s\u0131k\u0131\u015fmas\u0131yla sembolle\u015fen tarihi anla\u015fmayla sonu\u00e7land\u0131.<\/p>\n\n\n\n<p><strong>Birle\u015fmi\u015f Milletler G\u00f6revleri<\/strong><\/p>\n\n\n\n<p>R\u00f8d-Larsen, 1994 y\u0131l\u0131nda Birle\u015fmi\u015f Milletler Genel Sekreter Yard\u0131mc\u0131l\u0131\u011f\u0131 g\u00f6revine getirildi ve Gazze ile Bat\u0131 \u015eeria \u00d6zel Koordinat\u00f6r\u00fc olarak atand\u0131. 1999\u20132004 y\u0131llar\u0131 aras\u0131nda BM Orta Do\u011fu Bar\u0131\u015f S\u00fcreci \u00d6zel Koordinat\u00f6r\u00fc olarak g\u00f6rev yapt\u0131. 2005 y\u0131l\u0131nda ise L\u00fcbnan\u2019dan Suriye askerlerinin \u00e7ekilmesini denetlemek \u00fczere BM \u00d6zel Temsilcisi olarak g\u00f6revlendirildi.<\/p>\n\n\n\n<p>1996 y\u0131l\u0131nda Norve\u00e7\u2019te Thorbj\u00f8rn Jagland h\u00fck\u00fcmetinde k\u0131sa s\u00fcreli Planlama Bakanl\u0131\u011f\u0131 yapan R\u00f8d-Larsen, vergi beyan\u0131na ili\u015fkin usuls\u00fczl\u00fck gerek\u00e7esiyle g\u00f6revinden istifa etti. 2005\u20132020 y\u0131llar\u0131 aras\u0131nda New York merkezli International Peace Institute\u2019un (IPI) ba\u015fkanl\u0131\u011f\u0131n\u0131 y\u00fcr\u00fcterek uluslararas\u0131 diplomasi ve g\u00fcvenlik alan\u0131nda etkili bir rol \u00fcstlendi.<\/p>\n\n\n\n<p><strong>Epstein Ba\u011flant\u0131s\u0131 ve Tart\u0131\u015fmalar<\/strong><\/p>\n\n\n\n<p>R\u00f8d-Larsen\u2019in ad\u0131, Jeffrey Epstein ile ki\u015fisel kredi ili\u015fkisine dair iddialar\u0131n ortaya \u00e7\u0131kmas\u0131n\u0131n ard\u0131ndan 2020 y\u0131l\u0131nda yeniden g\u00fcndeme geldi. Bu geli\u015fme \u00fczerine IPI ba\u015fkanl\u0131\u011f\u0131ndan istifa eden R\u00f8d-Larsen, s\u00f6z konusu ili\u015fkiyi \u201cciddi bir hata\u201d olarak nitelendirdi. Epstein dosyalar\u0131nda ortaya \u00e7\u0131kan e-posta yaz\u0131\u015fmalar\u0131 ise R\u00f8d-Larsen\u2019in, Afganistan\u2019daki polio \u00e7al\u0131\u015fmalar\u0131 ve diplomatik temaslar gibi ba\u015fl\u0131klarda bilgi al\u0131\u015fveri\u015finde bulundu\u011funu g\u00f6sterdi.<\/p>\n\n\n\n<p><strong>Peki, Epstein binlerce kilometre uzakl\u0131ktaki Afganistan ile neden ilgilendi?<\/strong><\/p>\n\n\n\n<p>Bilindi\u011fi \u00fczere Epstein\u2019in kurdu\u011fu karanl\u0131k a\u011f; re\u015fit olmayan \u00e7ocuklara y\u00f6nelik cinsel sald\u0131r\u0131 ve istismar, cinsel s\u00f6m\u00fcr\u00fc ama\u00e7l\u0131 kand\u0131rma, insan ticareti ve \u00e7ocuk fuhu\u015f a\u011f\u0131 kurma gibi deh\u015fet verici su\u00e7lamalarla \u00f6r\u00fcl\u00fcd\u00fcr. Ma\u011fdur ifadeleri ve g\u00fc\u00e7l\u00fc dosyalarla belgelenmi\u015f bu iddialar g\u00f6z \u00f6n\u00fcnde bulunduruldu\u011funda, Epstein\u2019in Afganistan\u2019daki \u00e7ocuklara y\u00f6nelik polio (\u00e7ocuk felci) a\u015f\u0131s\u0131 \u00e7al\u0131\u015fmalar\u0131yla yak\u0131ndan ilgilenmesi olduk\u00e7a dikkat \u00e7ekiyor.<\/p>\n\n\n\n<p>Payla\u015f\u0131lan belgelerin ard\u0131ndan, Ankara Cumhuriyet Ba\u015fsavc\u0131l\u0131\u011f\u0131, Jeffrey Epstein ile ba\u011flant\u0131l\u0131 oldu\u011fu \u00f6ne s\u00fcr\u00fclen yeni iddialar ve T\u00fcrkiye ba\u011flant\u0131lar\u0131 \u00fczerine kapsaml\u0131 bir soru\u015fturma ba\u015flatt\u0131. Ortaya \u00e7\u0131kan bu tablo; &#8216;Afganistan\u2019da farkl\u0131 bahanelerle benzer bir istismar giri\u015fimi mi y\u00fcr\u00fct\u00fcld\u00fc?&#8217; veya &#8216;\u00c7ocuklara uygulanan a\u015f\u0131lar \u00fczerinden farkl\u0131 bir sa\u011fl\u0131k suistimali mi ya\u015fand\u0131?&#8217; gibi kritik sorular\u0131 ak\u0131llara getirmektedir.<\/p>\n\n\n\n<p><em>Abdul Satar Kawa<\/em><\/p>\n","protected":false},"excerpt":{"rendered":"<p>ABD\u2019de cinsel istismar ve insan ticareti su\u00e7lamalar\u0131yla yarg\u0131lan\u0131rken hapiste \u00f6len Jeffrey Epstein\u2019a ait yeni belgelerde, Afganistan\u2019da \u00e7ocuk felci (polio) ile m\u00fccadele s\u00fcrecine ili\u015fkin kritik e-posta yaz\u0131\u015fmalar\u0131 kamuoyuna yans\u0131d\u0131. ABD Adalet Bakanl\u0131\u011f\u0131, cinsel sald\u0131r\u0131 su\u00e7lar\u0131ndan h\u00fck\u00fcm giymi\u015f Jeffrey Epstein\u2019e ili\u015fkin milyonlarca yeni belgeyi kamuoyuyla payla\u015ft\u0131. Yeni yay\u0131mlanan belgelerde, kimsenin akl\u0131na gelmeyecek \u015fekilde Afganistan\u2019a dair \u00f6nemli ayr\u0131nt\u0131lar\u0131n&#8230;<\/p>\n","protected":false},"author":2,"featured_media":1646,"comment_status":"open","ping_status":"open","sticky":false,"template":"","format":"standard","meta":{"footnotes":""},"categories":[70],"tags":[],"_links":{"self":[{"href":"https:\/\/afgrc.com\/index.php\/wp-json\/wp\/v2\/posts\/1645"}],"collection":[{"href":"https:\/\/afgrc.com\/index.php\/wp-json\/wp\/v2\/posts"}],"about":[{"href":"https:\/\/afgrc.com\/index.php\/wp-json\/wp\/v2\/types\/post"}],"author":[{"embeddable":true,"href":"https:\/\/afgrc.com\/index.php\/wp-json\/wp\/v2\/users\/2"}],"replies":[{"embeddable":true,"href":"https:\/\/afgrc.com\/index.php\/wp-json\/wp\/v2\/comments?post=1645"}],"version-history":[{"count":1,"href":"https:\/\/afgrc.com\/index.php\/wp-json\/wp\/v2\/posts\/1645\/revisions"}],"predecessor-version":[{"id":1649,"href":"https:\/\/afgrc.com\/index.php\/wp-json\/wp\/v2\/posts\/1645\/revisions\/1649"}],"wp:featuredmedia":[{"embeddable":true,"href":"https:\/\/afgrc.com\/index.php\/wp-json\/wp\/v2\/media\/1646"}],"wp:attachment":[{"href":"https:\/\/afgrc.com\/index.php\/wp-json\/wp\/v2\/media?parent=1645"}],"wp:term":[{"taxonomy":"category","embeddable":true,"href":"https:\/\/afgrc.com\/index.php\/wp-json\/wp\/v2\/categories?post=1645"},{"taxonomy":"post_tag","embeddable":true,"href":"https:\/\/afgrc.com\/index.php\/wp-json\/wp\/v2\/tags?post=1645"}],"curies":[{"name":"wp","href":"https:\/\/api.w.org\/{rel}","templated":true}]}}