{"id":1651,"date":"2026-02-11T12:00:54","date_gmt":"2026-02-11T12:00:54","guid":{"rendered":"https:\/\/afgrc.com\/?p=1651"},"modified":"2026-02-11T12:00:56","modified_gmt":"2026-02-11T12:00:56","slug":"afgan-kadin-haklari-savunucusu-zarqa-yaftali-uluslararasi-zayed-odulune-layik-goruldu","status":"publish","type":"post","link":"https:\/\/afgrc.com\/index.php\/tr\/2026\/02\/11\/afgan-kadin-haklari-savunucusu-zarqa-yaftali-uluslararasi-zayed-odulune-layik-goruldu\/","title":{"rendered":"Afgan Kad\u0131n Haklar\u0131 Savunucusu Zarqa Yaftali Uluslararas\u0131 Zayed \u00d6d\u00fcl\u00fc\u2019ne Lay\u0131k G\u00f6r\u00fcld\u00fc"},"content":{"rendered":"\n<p>Afgan kad\u0131n ve \u00e7ocuk haklar\u0131 savunucusu Zarqa Yaftali, \u201cZayed \u0130nsanl\u0131k Dayan\u0131\u015fmas\u0131 2026\u201d Uluslararas\u0131 \u00d6d\u00fcl\u00fc\u2019ne lay\u0131k g\u00f6r\u00fcld\u00fc. \u00d6d\u00fcl, Birle\u015fik Arap Emirlikleri\u2019nde d\u00fczenlenen resmi t\u00f6rende BAE Devlet Ba\u015fkan\u0131 Mohamed bin Zayed Al Nahyan taraf\u0131ndan takdim edildi.<\/p>\n\n\n\n<p>T\u00f6rende ayr\u0131ca Azerbaycan ile Ermenistan aras\u0131ndaki bar\u0131\u015f anla\u015fmas\u0131 s\u00fcreci ve bir Filistinli sivil toplum kurulu\u015fu da \u00f6d\u00fcle de\u011fer g\u00f6r\u00fcld\u00fc. \u00d6d\u00fcl komitesi, kazananlar\u0131n temel sosyal sorunlara katk\u0131lar\u0131, bar\u0131\u015f ve dayan\u0131\u015fmay\u0131 g\u00fc\u00e7lendirmeleri ile hem kendi toplumlar\u0131nda hem de k\u00fcresel d\u00fczeyde yaratt\u0131klar\u0131 etki nedeniyle se\u00e7ildi\u011fini a\u00e7\u0131klad\u0131.<\/p>\n\n\n\n<p>Zarqa Yaftali, \u00f6d\u00fcl t\u00f6renin ard\u0131ndan yapt\u0131\u011f\u0131 a\u00e7\u0131klamada, uluslararas\u0131 sayg\u0131n kurumlar\u0131n dikkat ve deste\u011finin kad\u0131n haklar\u0131 savunucular\u0131n\u0131n \u00e7al\u0131\u015fmalar\u0131n\u0131n s\u00fcrd\u00fcr\u00fclebilirli\u011fi a\u00e7\u0131s\u0131ndan belirleyici rol oynad\u0131\u011f\u0131n\u0131 vurgulad\u0131.<\/p>\n\n\n\n<p>Yaftali, \u00f6d\u00fcl\u00fc Afganistan i\u00e7inde ve d\u00fcnyan\u0131n farkl\u0131 b\u00f6lgelerinde bask\u0131, tehdit ve k\u0131s\u0131tlamalara ra\u011fmen kad\u0131n haklar\u0131 ve k\u0131z \u00e7ocuklar\u0131n\u0131n e\u011fitimi i\u00e7in m\u00fccadele eden t\u00fcm kad\u0131nlara ithaf etti.<\/p>\n","protected":false},"excerpt":{"rendered":"<p>Afgan kad\u0131n ve \u00e7ocuk haklar\u0131 savunucusu Zarqa Yaftali, \u201cZayed \u0130nsanl\u0131k Dayan\u0131\u015fmas\u0131 2026\u201d Uluslararas\u0131 \u00d6d\u00fcl\u00fc\u2019ne lay\u0131k g\u00f6r\u00fcld\u00fc. \u00d6d\u00fcl, Birle\u015fik Arap Emirlikleri\u2019nde d\u00fczenlenen resmi t\u00f6rende BAE Devlet Ba\u015fkan\u0131 Mohamed bin Zayed Al Nahyan taraf\u0131ndan takdim edildi. T\u00f6rende ayr\u0131ca Azerbaycan ile Ermenistan aras\u0131ndaki bar\u0131\u015f anla\u015fmas\u0131 s\u00fcreci ve bir Filistinli sivil toplum kurulu\u015fu da \u00f6d\u00fcle de\u011fer g\u00f6r\u00fcld\u00fc. \u00d6d\u00fcl komitesi,&#8230;<\/p>\n","protected":false},"author":2,"featured_media":1652,"comment_status":"open","ping_status":"open","sticky":false,"template":"","format":"standard","meta":{"footnotes":""},"categories":[70],"tags":[],"_links":{"self":[{"href":"https:\/\/afgrc.com\/index.php\/wp-json\/wp\/v2\/posts\/1651"}],"collection":[{"href":"https:\/\/afgrc.com\/index.php\/wp-json\/wp\/v2\/posts"}],"about":[{"href":"https:\/\/afgrc.com\/index.php\/wp-json\/wp\/v2\/types\/post"}],"author":[{"embeddable":true,"href":"https:\/\/afgrc.com\/index.php\/wp-json\/wp\/v2\/users\/2"}],"replies":[{"embeddable":true,"href":"https:\/\/afgrc.com\/index.php\/wp-json\/wp\/v2\/comments?post=1651"}],"version-history":[{"count":1,"href":"https:\/\/afgrc.com\/index.php\/wp-json\/wp\/v2\/posts\/1651\/revisions"}],"predecessor-version":[{"id":1653,"href":"https:\/\/afgrc.com\/index.php\/wp-json\/wp\/v2\/posts\/1651\/revisions\/1653"}],"wp:featuredmedia":[{"embeddable":true,"href":"https:\/\/afgrc.com\/index.php\/wp-json\/wp\/v2\/media\/1652"}],"wp:attachment":[{"href":"https:\/\/afgrc.com\/index.php\/wp-json\/wp\/v2\/media?parent=1651"}],"wp:term":[{"taxonomy":"category","embeddable":true,"href":"https:\/\/afgrc.com\/index.php\/wp-json\/wp\/v2\/categories?post=1651"},{"taxonomy":"post_tag","embeddable":true,"href":"https:\/\/afgrc.com\/index.php\/wp-json\/wp\/v2\/tags?post=1651"}],"curies":[{"name":"wp","href":"https:\/\/api.w.org\/{rel}","templated":true}]}}