{"id":245,"date":"2024-03-16T21:30:57","date_gmt":"2024-03-16T21:30:57","guid":{"rendered":"https:\/\/afgrc.com\/?p=245"},"modified":"2024-07-20T06:52:17","modified_gmt":"2024-07-20T06:52:17","slug":"afganistanin-dis-politikasi-kitabinin-analizi","status":"publish","type":"post","link":"https:\/\/afgrc.com\/index.php\/tr\/2024\/03\/16\/afganistanin-dis-politikasi-kitabinin-analizi\/","title":{"rendered":"Afganistan\u2019\u0131n D\u0131\u015f Politikas\u0131"},"content":{"rendered":"\t\t<div data-elementor-type=\"wp-post\" data-elementor-id=\"245\" class=\"elementor elementor-245\">\n\t\t\t\t<div class=\"elementor-element elementor-element-b087bd0 e-flex e-con-boxed e-con e-parent\" data-id=\"b087bd0\" data-element_type=\"container\">\n\t\t\t\t\t<div class=\"e-con-inner\">\n\t\t\t\t<div class=\"elementor-element elementor-element-f67c199 elementor-widget elementor-widget-text-editor\" data-id=\"f67c199\" data-element_type=\"widget\" data-widget_type=\"text-editor.default\">\n\t\t\t\t<div class=\"elementor-widget-container\">\n\t\t\t\t\t\t\t\t\t<p>Bu hafta tan\u0131t\u0131m\u0131 yap\u0131lacak olan kitap Dr. Mohsen Madirshanehchi\u2019nin kaleme ald\u0131\u011f\u0131 \u201cAfganistan&#8217;\u0131n D\u0131\u015f Politikas\u0131\u201d kitab\u0131d\u0131r.<\/p><p>Bu kitab\u0131n yazar\u0131, Dr. Mohsen Modir Shanehchi, Afganistan hakk\u0131nda farkl\u0131 ara\u015ft\u0131rmalar yapm\u0131\u015f ve Afganistan uzmanlar\u0131ndan biri olarak say\u0131lmaktad\u0131r. Yazar Shanehchi, Afganistan ile ilgili ara\u015ft\u0131rma ve eserler yazman\u0131n yan\u0131 s\u0131ra \u0130ran ve Afganistan&#8217;daki \u00fcniversitelerde bu alanda dersler vermi\u015ftir.<\/p><p>Bu kitap, d\u0131\u015f politika konular\u0131na ve bunlar\u0131n Afganistan d\u0131\u015f politikas\u0131na adaptasyonuna genel bir bak\u0131\u015f att\u0131ktan sonra, Afganistan d\u0131\u015f politikas\u0131n\u0131n son y\u00fcz y\u0131ldaki olu\u015fumunu ve gidi\u015fat\u0131n\u0131 de\u011ferlendirmektedir. Bu kitapta yazar, Emanullah Han&#8217;\u0131n saltanat\u0131n\u0131n ba\u015flang\u0131c\u0131ndan E\u015fref Ghani d\u00f6nemine kadar Afganistan&#8217;\u0131n d\u0131\u015f politikas\u0131n\u0131 ayr\u0131nt\u0131lar\u0131yla anlatmaktad\u0131r. Bahsedilen hususlara ek olarak, Afganistan&#8217;\u0131n d\u0131\u015f politikas\u0131n\u0131 \u00f6zel olarak ele alan kapsaml\u0131 ve g\u00fcvenilir \u00e7al\u0131\u015fmalar\u0131n veya kitaplar\u0131n yeterli olmad\u0131\u011f\u0131 g\u00f6z \u00f6n\u00fcnde bulundurularak tan\u0131t\u0131lan kitap, \u00fclkenin d\u0131\u015f politikas\u0131 alan\u0131nda \u00f6nemli olup \u00f6zellikle uluslararas\u0131 ili\u015fkiler ve siyaset bilimi \u00f6\u011frencileri i\u00e7in tavsiye edilmektedir.<\/p><p>\u00a0<\/p><p>Yay\u0131nc\u0131: Negah Yay\u0131nlar\u0131<\/p><p>Dil: Fars\u00e7a<\/p><p>Yay\u0131n tarihi: 2022<\/p>\t\t\t\t\t\t\t\t<\/div>\n\t\t\t\t<\/div>\n\t\t\t\t\t<\/div>\n\t\t\t\t<\/div>\n\t\t\t\t<\/div>\n\t\t","protected":false},"excerpt":{"rendered":"<p>Bu hafta tan\u0131t\u0131m\u0131 yap\u0131lacak olan kitap Dr. Mohsen Madirshanehchi\u2019nin kaleme ald\u0131\u011f\u0131 \u201cAfganistan&#8217;\u0131n D\u0131\u015f Politikas\u0131\u201d kitab\u0131d\u0131r. Bu kitab\u0131n yazar\u0131, Dr. Mohsen Modir Shanehchi, Afganistan hakk\u0131nda farkl\u0131 ara\u015ft\u0131rmalar yapm\u0131\u015f ve Afganistan uzmanlar\u0131ndan biri olarak say\u0131lmaktad\u0131r. Yazar Shanehchi, Afganistan ile ilgili ara\u015ft\u0131rma ve eserler yazman\u0131n yan\u0131 s\u0131ra \u0130ran ve Afganistan&#8217;daki \u00fcniversitelerde bu alanda dersler vermi\u015ftir. Bu kitap, d\u0131\u015f&#8230;<\/p>\n","protected":false},"author":1,"featured_media":247,"comment_status":"open","ping_status":"open","sticky":false,"template":"","format":"standard","meta":{"footnotes":""},"categories":[131],"tags":[],"_links":{"self":[{"href":"https:\/\/afgrc.com\/index.php\/wp-json\/wp\/v2\/posts\/245"}],"collection":[{"href":"https:\/\/afgrc.com\/index.php\/wp-json\/wp\/v2\/posts"}],"about":[{"href":"https:\/\/afgrc.com\/index.php\/wp-json\/wp\/v2\/types\/post"}],"author":[{"embeddable":true,"href":"https:\/\/afgrc.com\/index.php\/wp-json\/wp\/v2\/users\/1"}],"replies":[{"embeddable":true,"href":"https:\/\/afgrc.com\/index.php\/wp-json\/wp\/v2\/comments?post=245"}],"version-history":[{"count":5,"href":"https:\/\/afgrc.com\/index.php\/wp-json\/wp\/v2\/posts\/245\/revisions"}],"predecessor-version":[{"id":251,"href":"https:\/\/afgrc.com\/index.php\/wp-json\/wp\/v2\/posts\/245\/revisions\/251"}],"wp:featuredmedia":[{"embeddable":true,"href":"https:\/\/afgrc.com\/index.php\/wp-json\/wp\/v2\/media\/247"}],"wp:attachment":[{"href":"https:\/\/afgrc.com\/index.php\/wp-json\/wp\/v2\/media?parent=245"}],"wp:term":[{"taxonomy":"category","embeddable":true,"href":"https:\/\/afgrc.com\/index.php\/wp-json\/wp\/v2\/categories?post=245"},{"taxonomy":"post_tag","embeddable":true,"href":"https:\/\/afgrc.com\/index.php\/wp-json\/wp\/v2\/tags?post=245"}],"curies":[{"name":"wp","href":"https:\/\/api.w.org\/{rel}","templated":true}]}}