{"id":371,"date":"2024-03-23T20:37:28","date_gmt":"2024-03-23T20:37:28","guid":{"rendered":"https:\/\/afgrc.com\/?p=371"},"modified":"2024-08-04T07:30:22","modified_gmt":"2024-08-04T07:30:22","slug":"dohada-afganistan-konulu-yapilan-toplanti-birlesmis-milletlerin-ve-baska-ulkelerin-temsilcilerin-katilimlaryla-bitti","status":"publish","type":"post","link":"https:\/\/afgrc.com\/index.php\/tr\/2024\/03\/23\/dohada-afganistan-konulu-yapilan-toplanti-birlesmis-milletlerin-ve-baska-ulkelerin-temsilcilerin-katilimlaryla-bitti\/","title":{"rendered":"Doha\u2019da Afganistan Konulu Yap\u0131lan Toplant\u0131\u00a0 Birle\u015fmi\u015f Milletlerin Ve Ba\u015fka \u00dclkelerin Temsilcilerin Kat\u0131l\u0131mlaryla Bitti"},"content":{"rendered":"\t\t<div data-elementor-type=\"wp-post\" data-elementor-id=\"371\" class=\"elementor elementor-371\">\n\t\t\t\t<div class=\"elementor-element elementor-element-da4a60c e-flex e-con-boxed e-con e-parent\" data-id=\"da4a60c\" data-element_type=\"container\">\n\t\t\t\t\t<div class=\"e-con-inner\">\n\t\t\t\t<div class=\"elementor-element elementor-element-c09083a elementor-widget elementor-widget-text-editor\" data-id=\"c09083a\" data-element_type=\"widget\" data-widget_type=\"text-editor.default\">\n\t\t\t\t<div class=\"elementor-widget-container\">\n\t\t\t\t\t\t\t\t\t<p>Toplant\u0131 Birle\u015fmi\u015f Milletlerin kat\u0131l\u0131myla ger\u00e7ekle\u015fip, iki g\u00fcnl\u00fck s\u00fcren toplant\u0131n\u0131n sonras\u0131nda BM\u2019 yay\u0131nlad\u0131\u011f\u0131 bir a\u00e7\u0131klamada, toplant\u0131n\u0131n temel amac\u0131n\u0131n uluslararas\u0131 toplumla &#8220;Taliban y\u00f6netimiyle temel konularda nas\u0131l bir ileti\u015fim kurulaca\u011f\u0131n\u0131&#8221; ara\u015ft\u0131rmak oldu\u011fu \u00f6zellikle kad\u0131n ve k\u0131zlara y\u00f6nelik insan haklar\u0131 konular\u0131, kapsay\u0131c\u0131 y\u00f6neti\u015fim, ter\u00f6rle m\u00fccadele ve uyu\u015fturucu ka\u00e7ak\u00e7\u0131l\u0131\u011f\u0131 ile ilgili hususlarda ortak noktalar\u0131 ara\u015ft\u0131rmak olarak belirtildi.<\/p><p>Kapal\u0131 kap\u0131lar ard\u0131nda ger\u00e7ekle\u015ftirilen bu toplant\u0131ya Birle\u015fmi\u015f Milletler daimi \u00fcyeleri, \u0130slam \u0130\u015fbirli\u011fi Te\u015fkilat\u0131, \u015eanghay Te\u015fkilat\u0131 ve Avrupa Birli\u011fi temsilcisinin de aralar\u0131nda bulundu\u011fu 19 \u00fclke temsilcisi kat\u0131ld\u0131.<\/p><p>Doha&#8217;da d\u00fczenlenen iki g\u00fcnl\u00fck toplant\u0131da Afgan ve Taliban temsilcilerinin yer almad\u0131\u011f\u0131 ancak bu toplant\u0131 \u00e7er\u00e7evesinde Afganlara ait baz\u0131 farkl\u0131 kurumlarla da g\u00f6r\u00fc\u015fmelerin yap\u0131ld\u0131\u011f\u0131 s\u00f6yleniyor.<\/p><p>Bu toplant\u0131ya tepki olarak, Taliban&#8217;\u0131n Birle\u015fmi\u015f Milletler koltu\u011funa aday g\u00f6sterdi\u011fi temsilci Sohail Shahin, bu t\u00fcr toplant\u0131lar\u0131n Taliban&#8217;\u0131n kat\u0131l\u0131m\u0131 olmadan yap\u0131lmas\u0131n\u0131n etkili olmad\u0131\u011f\u0131n\u0131 s\u00f6yledi.<\/p><p>Ayn\u0131 zamanda Birle\u015fmi\u015f Milletler Genel Sekreteri Antonio Guterres, toplant\u0131n\u0131n bitiminde yapt\u0131\u011f\u0131 konu\u015fmada; Bu toplant\u0131y\u0131 d\u00fczenleme amac\u0131n\u0131, Taliban&#8217;\u0131 tan\u0131mak i\u00e7in de\u011fil, Afganistan&#8217;daki durumla ba\u015fa \u00e7\u0131kmak i\u00e7in ortak bir uluslararas\u0131 \u00e7\u00f6z\u00fcm olu\u015fturmak olarak ifade etti. Ayr\u0131ca \u201chedeflerimize ula\u015fmak i\u00e7in mevcut Afgan makamlar\u0131yla etkile\u015fimi durduramayaca\u011f\u0131m\u0131z\u0131 ve ge\u00e7mi\u015ften ders almam\u0131z gerekiyor\u201d\u00a0 s\u00f6zlerine ekledi. BM Genel Sekreteri Antonio Guterres, Afganistan&#8217;daki insani krize ve bununla ba\u015fa \u00e7\u0131kmak i\u00e7in fon eksikli\u011fine de i\u015faret ederek, \u00f6rg\u00fctte kad\u0131nlar\u0131n \u00e7al\u0131\u015fmas\u0131na y\u00f6nelik yasa\u011f\u0131 kabul edilemez olarak nitelendirdi.<\/p>\t\t\t\t\t\t\t\t<\/div>\n\t\t\t\t<\/div>\n\t\t\t\t\t<\/div>\n\t\t\t\t<\/div>\n\t\t\t\t<\/div>\n\t\t","protected":false},"excerpt":{"rendered":"<p>Toplant\u0131 Birle\u015fmi\u015f Milletlerin kat\u0131l\u0131myla ger\u00e7ekle\u015fip, iki g\u00fcnl\u00fck s\u00fcren toplant\u0131n\u0131n sonras\u0131nda BM\u2019 yay\u0131nlad\u0131\u011f\u0131 bir a\u00e7\u0131klamada, toplant\u0131n\u0131n temel amac\u0131n\u0131n uluslararas\u0131 toplumla &#8220;Taliban y\u00f6netimiyle temel konularda nas\u0131l bir ileti\u015fim kurulaca\u011f\u0131n\u0131&#8221; ara\u015ft\u0131rmak oldu\u011fu \u00f6zellikle kad\u0131n ve k\u0131zlara y\u00f6nelik insan haklar\u0131 konular\u0131, kapsay\u0131c\u0131 y\u00f6neti\u015fim, ter\u00f6rle m\u00fccadele ve uyu\u015fturucu ka\u00e7ak\u00e7\u0131l\u0131\u011f\u0131 ile ilgili hususlarda ortak noktalar\u0131 ara\u015ft\u0131rmak olarak belirtildi. Kapal\u0131 kap\u0131lar ard\u0131nda&#8230;<\/p>\n","protected":false},"author":1,"featured_media":373,"comment_status":"open","ping_status":"open","sticky":false,"template":"","format":"standard","meta":{"footnotes":""},"categories":[70],"tags":[],"_links":{"self":[{"href":"https:\/\/afgrc.com\/index.php\/wp-json\/wp\/v2\/posts\/371"}],"collection":[{"href":"https:\/\/afgrc.com\/index.php\/wp-json\/wp\/v2\/posts"}],"about":[{"href":"https:\/\/afgrc.com\/index.php\/wp-json\/wp\/v2\/types\/post"}],"author":[{"embeddable":true,"href":"https:\/\/afgrc.com\/index.php\/wp-json\/wp\/v2\/users\/1"}],"replies":[{"embeddable":true,"href":"https:\/\/afgrc.com\/index.php\/wp-json\/wp\/v2\/comments?post=371"}],"version-history":[{"count":4,"href":"https:\/\/afgrc.com\/index.php\/wp-json\/wp\/v2\/posts\/371\/revisions"}],"predecessor-version":[{"id":376,"href":"https:\/\/afgrc.com\/index.php\/wp-json\/wp\/v2\/posts\/371\/revisions\/376"}],"wp:featuredmedia":[{"embeddable":true,"href":"https:\/\/afgrc.com\/index.php\/wp-json\/wp\/v2\/media\/373"}],"wp:attachment":[{"href":"https:\/\/afgrc.com\/index.php\/wp-json\/wp\/v2\/media?parent=371"}],"wp:term":[{"taxonomy":"category","embeddable":true,"href":"https:\/\/afgrc.com\/index.php\/wp-json\/wp\/v2\/categories?post=371"},{"taxonomy":"post_tag","embeddable":true,"href":"https:\/\/afgrc.com\/index.php\/wp-json\/wp\/v2\/tags?post=371"}],"curies":[{"name":"wp","href":"https:\/\/api.w.org\/{rel}","templated":true}]}}