{"id":397,"date":"2024-03-24T10:11:03","date_gmt":"2024-03-24T10:11:03","guid":{"rendered":"https:\/\/afgrc.com\/?p=397"},"modified":"2024-03-24T10:11:50","modified_gmt":"2024-03-24T10:11:50","slug":"iran-disisleri-bakani-talibanla-gorustuk-iyi-sonuclara-ulasiyoruz","status":"publish","type":"post","link":"https:\/\/afgrc.com\/index.php\/tr\/2024\/03\/24\/iran-disisleri-bakani-talibanla-gorustuk-iyi-sonuclara-ulasiyoruz\/","title":{"rendered":"\u0130ran D\u0131\u015fi\u015fleri Bakan\u0131: Taliban\u2019la G\u00f6r\u00fc\u015ft\u00fck \u0130yi Sonu\u00e7lara Ula\u015f\u0131yoruz."},"content":{"rendered":"\t\t<div data-elementor-type=\"wp-post\" data-elementor-id=\"397\" class=\"elementor elementor-397\">\n\t\t\t\t<div class=\"elementor-element elementor-element-2a31e05 e-flex e-con-boxed e-con e-parent\" data-id=\"2a31e05\" data-element_type=\"container\">\n\t\t\t\t\t<div class=\"e-con-inner\">\n\t\t\t\t<div class=\"elementor-element elementor-element-c254128 elementor-widget elementor-widget-text-editor\" data-id=\"c254128\" data-element_type=\"widget\" data-widget_type=\"text-editor.default\">\n\t\t\t\t<div class=\"elementor-widget-container\">\n\t\t\t\t\t\t\t\t\t<p>\u0130ran d\u0131\u015fi\u015fleri bakan\u0131, \u0130ran haber ajans\u0131 ile yapt\u0131\u011f\u0131 bir r\u00f6portajda Taliban ve \u0130ran aras\u0131nda ya\u015fanan son geli\u015fmeler hakk\u0131nda a\u00e7\u0131klama yapt\u0131.\u00a0<\/p><p>Abdullahiyan: \u0130ran\u2019\u0131n Afganistan\u2019daki b\u00fcy\u00fck el\u00e7isinin Taliban\u2019la m\u00fczakere yapt\u0131\u011f\u0131 ve iyi sonu\u00e7lar beklediklerini dille getirdi. \u0130ran\u2019\u0131n su hakk\u0131n\u0131 siyasi ve hukuku yollarla takip\u00e7isi olaca\u011f\u0131n\u0131 ifade ederek Taliban ile olan g\u00f6r\u00fc\u015fmelerin detay\u0131n\u0131 daha sonra kamuoyuna a\u00e7\u0131klayaca\u011f\u0131n\u0131 s\u00f6yledi. Ayn\u0131 zamanda \u201cAfganistan\u2019daki durumun fark\u0131nday\u0131z.\u201d ifadesinin alt\u0131n\u0131 \u00e7izdi.\u00a0<\/p><p>Son zamanlarda, \u0130ran&#8217;\u0131n Belucistan b\u00f6lgesi su k\u0131tl\u0131\u011f\u0131 kriziyle kar\u015f\u0131 kar\u015f\u0131ya kald\u0131. Nehrin kurumas\u0131, Helmend Nehri&#8217;nin d\u00f6k\u00fcld\u00fc\u011f\u00fc H\u00e2mun G\u00f6l\u00fc&#8217;n\u00fcn kurumas\u0131 tehlikesiyle kar\u015f\u0131 kar\u015f\u0131ya kalmas\u0131na neden oldu.<\/p><p>\u0130ran halk\u0131 protesto g\u00f6sterilerinde, \u0130ran yetkililerinden, Taliban&#8217;a kar\u015f\u0131 tutumlar\u0131n\u0131 alarak \u0130ran&#8217;\u0131n su pay\u0131n\u0131n \u00fclkenin topraklar\u0131na ula\u015fmas\u0131n\u0131 sa\u011flamalar\u0131n\u0131 talep etti.<\/p><p>\u0130ran Cumhurba\u015fkan\u0131 \u0130brahim Reisi, Taliban&#8217;\u0131 tehdit ederek, &#8220;Afganistan y\u00f6neticilerine, taleplerimizi normal bir \u015fekilde ele almamalar\u0131n\u0131 s\u00f6yl\u00fcyorum. Bizimle ciddi bir \u015fekilde ileti\u015fime ge\u00e7meleri gerekiyor. Afganistan&#8217;daki yetkililer ve y\u00f6neticileri Sistan ve Belucistan b\u00f6lgesindeki vatanda\u015flar\u0131n taleplerini h\u0131zla kar\u015f\u0131lamalar\u0131 konusunda uyar\u0131yorum.&#8221; dedi.<\/p><p>\u00a0<\/p><p>Taliban h\u00fck\u00fbmeti taraf\u0131ndan yap\u0131lan a\u00e7\u0131klamada, &#8220;\u0130ran ile Afganistan aras\u0131ndaki su anla\u015fmas\u0131 1972&#8217;den beri var ve \u0130slam Emirli\u011fi taahh\u00fctlerine uyuyor. Son y\u0131llarda Afganistan ve b\u00f6lge su seviyelerini etkileyen kurakl\u0131k ya\u015fand\u0131. Helmend Nehri de bundan etkilendi. \u0130ran&#8217;\u0131n suyla ilgili talepleri ve medyadaki uygunsuz a\u00e7\u0131klamalar sadece zarar getirir.&#8221; ifadelerine yer verildi.\u00a0<\/p><p>\u00a0<\/p><p>Ge\u00e7ti\u011fimiz g\u00fcnlerde su hakk\u0131 \u00fczerinden \u0130ran ve Taliban aras\u0131nda \u00e7\u0131kan anla\u015fmazl\u0131klardan dolay\u0131 Afganistan ve \u0130ran s\u0131n\u0131r\u0131nda Taliban ve \u0130ran askerleri aras\u0131nda silahl\u0131 \u00e7at\u0131\u015fmalar ya\u015fand\u0131. \u00c7at\u0131\u015fmalar\u0131n sonucunda iki \u0130ran ve bir Taliban askeri hayat\u0131n\u0131 kaybetti ve iki \u00fclke aras\u0131ndaki ili\u015fkilerinde gerilimlerin ya\u015fanmas\u0131na neden oldu.<\/p>\t\t\t\t\t\t\t\t<\/div>\n\t\t\t\t<\/div>\n\t\t\t\t\t<\/div>\n\t\t\t\t<\/div>\n\t\t\t\t<\/div>\n\t\t","protected":false},"excerpt":{"rendered":"<p>\u0130ran d\u0131\u015fi\u015fleri bakan\u0131, \u0130ran haber ajans\u0131 ile yapt\u0131\u011f\u0131 bir r\u00f6portajda Taliban ve \u0130ran aras\u0131nda ya\u015fanan son geli\u015fmeler hakk\u0131nda a\u00e7\u0131klama yapt\u0131.\u00a0 Abdullahiyan: \u0130ran\u2019\u0131n Afganistan\u2019daki b\u00fcy\u00fck el\u00e7isinin Taliban\u2019la m\u00fczakere yapt\u0131\u011f\u0131 ve iyi sonu\u00e7lar beklediklerini dille getirdi. \u0130ran\u2019\u0131n su hakk\u0131n\u0131 siyasi ve hukuku yollarla takip\u00e7isi olaca\u011f\u0131n\u0131 ifade ederek Taliban ile olan g\u00f6r\u00fc\u015fmelerin detay\u0131n\u0131 daha sonra kamuoyuna a\u00e7\u0131klayaca\u011f\u0131n\u0131 s\u00f6yledi&#8230;.<\/p>\n","protected":false},"author":1,"featured_media":399,"comment_status":"open","ping_status":"open","sticky":false,"template":"","format":"standard","meta":{"footnotes":""},"categories":[70],"tags":[],"_links":{"self":[{"href":"https:\/\/afgrc.com\/index.php\/wp-json\/wp\/v2\/posts\/397"}],"collection":[{"href":"https:\/\/afgrc.com\/index.php\/wp-json\/wp\/v2\/posts"}],"about":[{"href":"https:\/\/afgrc.com\/index.php\/wp-json\/wp\/v2\/types\/post"}],"author":[{"embeddable":true,"href":"https:\/\/afgrc.com\/index.php\/wp-json\/wp\/v2\/users\/1"}],"replies":[{"embeddable":true,"href":"https:\/\/afgrc.com\/index.php\/wp-json\/wp\/v2\/comments?post=397"}],"version-history":[{"count":4,"href":"https:\/\/afgrc.com\/index.php\/wp-json\/wp\/v2\/posts\/397\/revisions"}],"predecessor-version":[{"id":402,"href":"https:\/\/afgrc.com\/index.php\/wp-json\/wp\/v2\/posts\/397\/revisions\/402"}],"wp:featuredmedia":[{"embeddable":true,"href":"https:\/\/afgrc.com\/index.php\/wp-json\/wp\/v2\/media\/399"}],"wp:attachment":[{"href":"https:\/\/afgrc.com\/index.php\/wp-json\/wp\/v2\/media?parent=397"}],"wp:term":[{"taxonomy":"category","embeddable":true,"href":"https:\/\/afgrc.com\/index.php\/wp-json\/wp\/v2\/categories?post=397"},{"taxonomy":"post_tag","embeddable":true,"href":"https:\/\/afgrc.com\/index.php\/wp-json\/wp\/v2\/tags?post=397"}],"curies":[{"name":"wp","href":"https:\/\/api.w.org\/{rel}","templated":true}]}}