{"id":427,"date":"2024-03-24T13:10:20","date_gmt":"2024-03-24T13:10:20","guid":{"rendered":"https:\/\/afgrc.com\/?p=427"},"modified":"2024-08-04T07:30:14","modified_gmt":"2024-08-04T07:30:14","slug":"afganistanin-sessiz-anlatilari-resim-yarismasi","status":"publish","type":"post","link":"https:\/\/afgrc.com\/index.php\/tr\/2024\/03\/24\/afganistanin-sessiz-anlatilari-resim-yarismasi\/","title":{"rendered":"&#8220;Afganistan&#8217;\u0131n Sessiz Anlat\u0131lar\u0131&#8221; Resim Yar\u0131\u015fmas\u0131"},"content":{"rendered":"\t\t<div data-elementor-type=\"wp-post\" data-elementor-id=\"427\" class=\"elementor elementor-427\">\n\t\t\t\t<div class=\"elementor-element elementor-element-4df88ba e-flex e-con-boxed e-con e-parent\" data-id=\"4df88ba\" data-element_type=\"container\">\n\t\t\t\t\t<div class=\"e-con-inner\">\n\t\t\t\t<div class=\"elementor-element elementor-element-5be8e36 elementor-widget elementor-widget-text-editor\" data-id=\"5be8e36\" data-element_type=\"widget\" data-widget_type=\"text-editor.default\">\n\t\t\t\t<div class=\"elementor-widget-container\">\n\t\t\t\t\t\t\t\t\t<p>Afganistan Ara\u015ft\u0131rmalar\u0131 ve \u00e7al\u0131\u015fmalar\u0131 Merkezi (\u0645\u062a\u0627) bu kez resim sanat\u0131na ilgi duyanlar\u0131n yeteneklerini ke\u015ffetmek i\u00e7in b\u00fcy\u00fck bir resim yar\u0131\u015fmas\u0131 d\u00fczenlemektedir.<br \/>Bu yar\u0131\u015fman\u0131n d\u00fczenlenmesinin amac\u0131, Afganistan&#8217;\u0131n zengin tarihi ve k\u00fclt\u00fcrel miras\u0131n\u0131, farkl\u0131 etnik gruplar\u0131 ve \u00f6zelliklerini, insanlar\u0131n hayatlar\u0131n\u0131n derinliklerinde sakl\u0131 geleneklerini sanat\u00e7\u0131lar\u0131n eserlerinde sanat penceresinden ortaya \u00e7\u0131karmakt\u0131r.<\/p><p>ilgilenenler resim\u00a0 yar\u0131\u015fmas\u0131na kat\u0131lmak i\u00e7in a\u015fa\u011f\u0131daki ba\u015fvuru formunu doldurabilirler.\u00a0<\/p><p><a href=\"https:\/\/docs.google.com\/forms\/d\/e\/1FAIpQLSeOM67ZbUBOvMjGkA-7AeoD-niK4fzH5yRQKm2dP4ho7Wn1jA\/viewform?usp=sf_link\">Ba\u015fvuru Formu\u00a0<\/a><\/p><p>Not: Kay\u0131t olmadan \u00f6nce \u015fartnameyi dikkatlice okuyunuz, \u015fartnamede belirtilen i\u00e7eri\u011fi kabul etti\u011finiz takdirde kayd\u0131n\u0131z\u0131 tamamlayabilirsiniz.<\/p><p><a href=\"https:\/\/drive.google.com\/file\/d\/1RkFhpKDJrn6oKik6aO52RXjmqAubRdEf\/view?usp=sharing\">\u015eartname <\/a><\/p><p>Resminize ba\u015flamadan \u00f6nce yar\u0131\u015fman\u0131n konusunu, amac\u0131n\u0131, y\u00f6ntemini ve ko\u015fullar\u0131n\u0131 dikkatlice okuyunuz.<br \/>Ko\u015fullar\u0131n i\u00e7eri\u011fini dikkate almad\u0131\u011f\u0131n\u0131z takdirde \u00e7al\u0131\u015fmalar\u0131n\u0131z de\u011ferlendirmeye al\u0131nmayacakt\u0131r.<br \/>Sorular\u0131n\u0131z ve daha fazla bilgi almak istiyorsan\u0131z,\u00a0 info@afgrc.org\u00a0 e-posta adresiyle ileti\u015fime ge\u00e7ebilirsiniz.<\/p><p>Yar\u0131\u015fma kay\u0131tlar\u0131n\u0131n ba\u015flang\u0131\u00e7 ve biti\u015f tarihi: 10.07.2023- 31.07.2023<\/p><p>Eser son g\u00f6nderme\u00a0 tarihi: \u00a015.08.2023<\/p>\t\t\t\t\t\t\t\t<\/div>\n\t\t\t\t<\/div>\n\t\t\t\t\t<\/div>\n\t\t\t\t<\/div>\n\t\t\t\t<\/div>\n\t\t","protected":false},"excerpt":{"rendered":"<p>Afganistan Ara\u015ft\u0131rmalar\u0131 ve \u00e7al\u0131\u015fmalar\u0131 Merkezi (\u0645\u062a\u0627) bu kez resim sanat\u0131na ilgi duyanlar\u0131n yeteneklerini ke\u015ffetmek i\u00e7in b\u00fcy\u00fck bir resim yar\u0131\u015fmas\u0131 d\u00fczenlemektedir.Bu yar\u0131\u015fman\u0131n d\u00fczenlenmesinin amac\u0131, Afganistan&#8217;\u0131n zengin tarihi ve k\u00fclt\u00fcrel miras\u0131n\u0131, farkl\u0131 etnik gruplar\u0131 ve \u00f6zelliklerini, insanlar\u0131n hayatlar\u0131n\u0131n derinliklerinde sakl\u0131 geleneklerini sanat\u00e7\u0131lar\u0131n eserlerinde sanat penceresinden ortaya \u00e7\u0131karmakt\u0131r. ilgilenenler resim\u00a0 yar\u0131\u015fmas\u0131na kat\u0131lmak i\u00e7in a\u015fa\u011f\u0131daki ba\u015fvuru formunu doldurabilirler.\u00a0 Ba\u015fvuru&#8230;<\/p>\n","protected":false},"author":1,"featured_media":428,"comment_status":"open","ping_status":"open","sticky":false,"template":"","format":"standard","meta":{"footnotes":""},"categories":[115],"tags":[],"_links":{"self":[{"href":"https:\/\/afgrc.com\/index.php\/wp-json\/wp\/v2\/posts\/427"}],"collection":[{"href":"https:\/\/afgrc.com\/index.php\/wp-json\/wp\/v2\/posts"}],"about":[{"href":"https:\/\/afgrc.com\/index.php\/wp-json\/wp\/v2\/types\/post"}],"author":[{"embeddable":true,"href":"https:\/\/afgrc.com\/index.php\/wp-json\/wp\/v2\/users\/1"}],"replies":[{"embeddable":true,"href":"https:\/\/afgrc.com\/index.php\/wp-json\/wp\/v2\/comments?post=427"}],"version-history":[{"count":3,"href":"https:\/\/afgrc.com\/index.php\/wp-json\/wp\/v2\/posts\/427\/revisions"}],"predecessor-version":[{"id":431,"href":"https:\/\/afgrc.com\/index.php\/wp-json\/wp\/v2\/posts\/427\/revisions\/431"}],"wp:featuredmedia":[{"embeddable":true,"href":"https:\/\/afgrc.com\/index.php\/wp-json\/wp\/v2\/media\/428"}],"wp:attachment":[{"href":"https:\/\/afgrc.com\/index.php\/wp-json\/wp\/v2\/media?parent=427"}],"wp:term":[{"taxonomy":"category","embeddable":true,"href":"https:\/\/afgrc.com\/index.php\/wp-json\/wp\/v2\/categories?post=427"},{"taxonomy":"post_tag","embeddable":true,"href":"https:\/\/afgrc.com\/index.php\/wp-json\/wp\/v2\/tags?post=427"}],"curies":[{"name":"wp","href":"https:\/\/api.w.org\/{rel}","templated":true}]}}