{"id":446,"date":"2024-03-25T06:40:00","date_gmt":"2024-03-25T06:40:00","guid":{"rendered":"https:\/\/afgrc.com\/?p=446"},"modified":"2024-08-04T07:29:59","modified_gmt":"2024-08-04T07:29:59","slug":"online-turkce-egitimi","status":"publish","type":"post","link":"https:\/\/afgrc.com\/index.php\/tr\/2024\/03\/25\/online-turkce-egitimi\/","title":{"rendered":"Online T\u00fcrk\u00e7e E\u011fitimi"},"content":{"rendered":"\t\t<div data-elementor-type=\"wp-post\" data-elementor-id=\"446\" class=\"elementor elementor-446\">\n\t\t\t\t<div class=\"elementor-element elementor-element-a1d9e78 e-flex e-con-boxed e-con e-parent\" data-id=\"a1d9e78\" data-element_type=\"container\">\n\t\t\t\t\t<div class=\"e-con-inner\">\n\t\t\t\t<div class=\"elementor-element elementor-element-b05cb6a elementor-widget elementor-widget-text-editor\" data-id=\"b05cb6a\" data-element_type=\"widget\" data-widget_type=\"text-editor.default\">\n\t\t\t\t<div class=\"elementor-widget-container\">\n\t\t\t\t\t\t\t\t\t<p>Afganistan Ara\u015ft\u0131rmalar\u0131 ve \u00e7al\u0131\u015fmalar\u0131 merkezi, T\u00fcrk\u00e7e A2 ve B2 seviyeleri kursuna ba\u015fvuru alacakt\u0131r.<\/p><p>Dersler her seviye i\u00e7in haftada iki g\u00fcn \u00e7evrimi\u00e7i yap\u0131lacakt\u0131r.<\/p><p>Derslerimiz A2 seviyesi (pazartesi ve sal\u0131) g\u00fcnleri Afganistan saat\u0131na 20:30-22:30 aras\u0131. <br \/>B2 seviyesi cumartesi ve Pazar g\u00fcnleri Afganistan Saat\u0131na 16:30 -18:30 aras\u0131 ger\u00e7ekle\u015fecektir.<\/p><p><a href=\"https:\/\/docs.google.com\/forms\/d\/e\/1FAIpQLSc3E1zEsGDzonx8qRJMYg2JmL-RrVOe3hphTLiN-ymJLgcv3g\/viewform?usp=sf_link\">Ba\u015fvuru Formu<\/a>\u00a0<\/p><p>Son ba\u015fvuru tarihi:<br \/>18.08.2023<\/p><p>Kontenjan\u00a0s\u0131n\u0131rl\u0131d\u0131r.<\/p>\t\t\t\t\t\t\t\t<\/div>\n\t\t\t\t<\/div>\n\t\t\t\t\t<\/div>\n\t\t\t\t<\/div>\n\t\t\t\t<\/div>\n\t\t","protected":false},"excerpt":{"rendered":"<p>Afganistan Ara\u015ft\u0131rmalar\u0131 ve \u00e7al\u0131\u015fmalar\u0131 merkezi, T\u00fcrk\u00e7e A2 ve B2 seviyeleri kursuna ba\u015fvuru alacakt\u0131r. Dersler her seviye i\u00e7in haftada iki g\u00fcn \u00e7evrimi\u00e7i yap\u0131lacakt\u0131r. Derslerimiz A2 seviyesi (pazartesi ve sal\u0131) g\u00fcnleri Afganistan saat\u0131na 20:30-22:30 aras\u0131. B2 seviyesi cumartesi ve Pazar g\u00fcnleri Afganistan Saat\u0131na 16:30 -18:30 aras\u0131 ger\u00e7ekle\u015fecektir. Ba\u015fvuru Formu\u00a0 Son ba\u015fvuru tarihi:18.08.2023 Kontenjan\u00a0s\u0131n\u0131rl\u0131d\u0131r.<\/p>\n","protected":false},"author":1,"featured_media":448,"comment_status":"open","ping_status":"open","sticky":false,"template":"","format":"standard","meta":{"footnotes":""},"categories":[135,119],"tags":[],"_links":{"self":[{"href":"https:\/\/afgrc.com\/index.php\/wp-json\/wp\/v2\/posts\/446"}],"collection":[{"href":"https:\/\/afgrc.com\/index.php\/wp-json\/wp\/v2\/posts"}],"about":[{"href":"https:\/\/afgrc.com\/index.php\/wp-json\/wp\/v2\/types\/post"}],"author":[{"embeddable":true,"href":"https:\/\/afgrc.com\/index.php\/wp-json\/wp\/v2\/users\/1"}],"replies":[{"embeddable":true,"href":"https:\/\/afgrc.com\/index.php\/wp-json\/wp\/v2\/comments?post=446"}],"version-history":[{"count":4,"href":"https:\/\/afgrc.com\/index.php\/wp-json\/wp\/v2\/posts\/446\/revisions"}],"predecessor-version":[{"id":452,"href":"https:\/\/afgrc.com\/index.php\/wp-json\/wp\/v2\/posts\/446\/revisions\/452"}],"wp:featuredmedia":[{"embeddable":true,"href":"https:\/\/afgrc.com\/index.php\/wp-json\/wp\/v2\/media\/448"}],"wp:attachment":[{"href":"https:\/\/afgrc.com\/index.php\/wp-json\/wp\/v2\/media?parent=446"}],"wp:term":[{"taxonomy":"category","embeddable":true,"href":"https:\/\/afgrc.com\/index.php\/wp-json\/wp\/v2\/categories?post=446"},{"taxonomy":"post_tag","embeddable":true,"href":"https:\/\/afgrc.com\/index.php\/wp-json\/wp\/v2\/tags?post=446"}],"curies":[{"name":"wp","href":"https:\/\/api.w.org\/{rel}","templated":true}]}}