{"id":471,"date":"2024-03-25T10:09:36","date_gmt":"2024-03-25T10:09:36","guid":{"rendered":"https:\/\/afgrc.com\/?p=471"},"modified":"2024-08-04T07:29:37","modified_gmt":"2024-08-04T07:29:37","slug":"resim-yarismasinin-sonuclari-aciklandi","status":"publish","type":"post","link":"https:\/\/afgrc.com\/index.php\/tr\/2024\/03\/25\/resim-yarismasinin-sonuclari-aciklandi\/","title":{"rendered":"Resim Yar\u0131\u015fmas\u0131n\u0131n Sonu\u00e7lar\u0131 A\u00e7\u0131kland\u0131"},"content":{"rendered":"\t\t<div data-elementor-type=\"wp-post\" data-elementor-id=\"471\" class=\"elementor elementor-471\">\n\t\t\t\t<div class=\"elementor-element elementor-element-1258801 e-flex e-con-boxed e-con e-parent\" data-id=\"1258801\" data-element_type=\"container\">\n\t\t\t\t\t<div class=\"e-con-inner\">\n\t\t\t\t<div class=\"elementor-element elementor-element-71aec56 elementor-widget elementor-widget-text-editor\" data-id=\"71aec56\" data-element_type=\"widget\" data-widget_type=\"text-editor.default\">\n\t\t\t\t<div class=\"elementor-widget-container\">\n\t\t\t\t\t\t\t\t\t<div class=\"xdj266r x11i5rnm xat24cr x1mh8g0r x1vvkbs x126k92a\"><div dir=\"auto\">Afganistan Ara\u015ft\u0131rmalar\u0131 ve \u00c7al\u0131\u015fmalar\u0131 Merkezi AFGAM taraf\u0131ndan 10\/07\/2023-31\/07\/2023 tarihleri aras\u0131nda d\u00fczenlenen \u201cAfganistan\u2019\u0131n Sessiz Anlat\u0131lar\u0131\u201d adl\u0131 resim yar\u0131\u015fmas\u0131n\u0131n sonu\u00e7lar\u0131 26 Eyl\u00fcl&#8217;de a\u00e7\u0131klanacak!<\/div><\/div><div class=\"x11i5rnm xat24cr x1mh8g0r x1vvkbs xtlvy1s x126k92a\"><div dir=\"auto\">Kat\u0131l\u0131mc\u0131lar\u0131; Afganistan&#8217;\u0131n tarihi eserlerini, de\u011ferlerini, halk\u0131n birlik ve beraberli\u011fi gibi temalar\u0131 ifade etmeye te\u015fvik etmeye ve ayn\u0131 zamanda g\u00fcnl\u00fck ya\u015fam\u0131, gelenekleri, \u00e7e\u015fitli etnik gruplar\u0131n\u0131, \u015fairlerini ve halk\u0131n birbirleriyle olan ili\u015fkilerini de resimlerinde yans\u0131tmalar\u0131n\u0131 ama\u00e7layan \u201cAfganistan\u2019\u0131n Sessiz Anlat\u0131lar\u0131\u201d resim yar\u0131\u015fmas\u0131nda \u00e7ok say\u0131da ba\u015fvuru yap\u0131lm\u0131\u015f ve g\u00f6nderilen resimler j\u00fcriler taraf\u0131ndan belirlenen kriterler \u00e7er\u00e7evesinde de\u011ferlendirilmi\u015ftir.<\/div><\/div><div class=\"x11i5rnm xat24cr x1mh8g0r x1vvkbs xtlvy1s x126k92a\"><div dir=\"auto\">Yar\u0131\u015fmaya kat\u0131lan ve uygun g\u00f6r\u00fcnen resimler daha sonra AFGAM taraf\u0131ndan resim katalo\u011fu olarak yay\u0131nlanacakt\u0131r.<\/div><\/div><div class=\"x11i5rnm xat24cr x1mh8g0r x1vvkbs xtlvy1s x126k92a\"><div dir=\"auto\">Not: Bu yar\u0131\u015fmada yer alm\u0131\u015f t\u00fcm resimlerin hakk\u0131 Afganistan Ara\u015ft\u0131rmalar\u0131 ve \u00c7al\u0131\u015fmalar\u0131 Merkezi AFGAM\u2019a aittir.<\/div><\/div>\t\t\t\t\t\t\t\t<\/div>\n\t\t\t\t<\/div>\n\t\t\t\t\t<\/div>\n\t\t\t\t<\/div>\n\t\t\t\t<\/div>\n\t\t","protected":false},"excerpt":{"rendered":"<p>Afganistan Ara\u015ft\u0131rmalar\u0131 ve \u00c7al\u0131\u015fmalar\u0131 Merkezi AFGAM taraf\u0131ndan 10\/07\/2023-31\/07\/2023 tarihleri aras\u0131nda d\u00fczenlenen \u201cAfganistan\u2019\u0131n Sessiz Anlat\u0131lar\u0131\u201d adl\u0131 resim yar\u0131\u015fmas\u0131n\u0131n sonu\u00e7lar\u0131 26 Eyl\u00fcl&#8217;de a\u00e7\u0131klanacak!Kat\u0131l\u0131mc\u0131lar\u0131; Afganistan&#8217;\u0131n tarihi eserlerini, de\u011ferlerini, halk\u0131n birlik ve beraberli\u011fi gibi temalar\u0131 ifade etmeye te\u015fvik etmeye ve ayn\u0131 zamanda g\u00fcnl\u00fck ya\u015fam\u0131, gelenekleri, \u00e7e\u015fitli etnik gruplar\u0131n\u0131, \u015fairlerini ve halk\u0131n birbirleriyle olan ili\u015fkilerini de resimlerinde yans\u0131tmalar\u0131n\u0131 ama\u00e7layan \u201cAfganistan\u2019\u0131n&#8230;<\/p>\n","protected":false},"author":1,"featured_media":473,"comment_status":"open","ping_status":"open","sticky":false,"template":"","format":"standard","meta":{"footnotes":""},"categories":[135,115],"tags":[],"_links":{"self":[{"href":"https:\/\/afgrc.com\/index.php\/wp-json\/wp\/v2\/posts\/471"}],"collection":[{"href":"https:\/\/afgrc.com\/index.php\/wp-json\/wp\/v2\/posts"}],"about":[{"href":"https:\/\/afgrc.com\/index.php\/wp-json\/wp\/v2\/types\/post"}],"author":[{"embeddable":true,"href":"https:\/\/afgrc.com\/index.php\/wp-json\/wp\/v2\/users\/1"}],"replies":[{"embeddable":true,"href":"https:\/\/afgrc.com\/index.php\/wp-json\/wp\/v2\/comments?post=471"}],"version-history":[{"count":4,"href":"https:\/\/afgrc.com\/index.php\/wp-json\/wp\/v2\/posts\/471\/revisions"}],"predecessor-version":[{"id":476,"href":"https:\/\/afgrc.com\/index.php\/wp-json\/wp\/v2\/posts\/471\/revisions\/476"}],"wp:featuredmedia":[{"embeddable":true,"href":"https:\/\/afgrc.com\/index.php\/wp-json\/wp\/v2\/media\/473"}],"wp:attachment":[{"href":"https:\/\/afgrc.com\/index.php\/wp-json\/wp\/v2\/media?parent=471"}],"wp:term":[{"taxonomy":"category","embeddable":true,"href":"https:\/\/afgrc.com\/index.php\/wp-json\/wp\/v2\/categories?post=471"},{"taxonomy":"post_tag","embeddable":true,"href":"https:\/\/afgrc.com\/index.php\/wp-json\/wp\/v2\/tags?post=471"}],"curies":[{"name":"wp","href":"https:\/\/api.w.org\/{rel}","templated":true}]}}